{"id":6002,"date":"2024-05-13T09:01:49","date_gmt":"2024-05-13T07:01:49","guid":{"rendered":"https:\/\/ent2d.ac-bordeaux.fr\/disciplines\/biotechnologies-sante-social\/?p=6002"},"modified":"2024-05-14T11:58:55","modified_gmt":"2024-05-14T09:58:55","slug":"protection-sociale-en-milieu-rural","status":"publish","type":"post","link":"https:\/\/ent2d.ac-bordeaux.fr\/disciplines\/biotechnologies-sante-social\/2024\/05\/13\/protection-sociale-en-milieu-rural\/","title":{"rendered":"Protection sociale en milieu rural"},"content":{"rendered":"\n<p>La Chaire Politiques et Innovations Sociales des Territoires, Sciences Po Lyon, l\u2019\u00c9cole nationale sup\u00e9rieure de la S\u00e9curit\u00e9 sociale (EN3S) ainsi que les \u00e9tudiants<br>du Master 2 Politiques et innovations sociales des territoires organisent une demi-journ\u00e9e d\u2019\u00e9tude et de d\u00e9bats sur la th\u00e9matique de la<strong> &#8220;Protection sociale en milieu rural&#8221;<\/strong>. Cet \u00e9v\u00e9nement se d\u00e9roulera le jeudi 16 mai 2024 de 13h30 \u00e0 16h30 en pr\u00e9sentiel et en distanciel.<\/p>\n\n\n\n<p>Le programme est le suivant : <\/p>\n\n\n\n<ul class=\"wp-block-list\">\n<li>Introduction : Les enjeux de la protection sociale en milieu rural avec <a href=\"https:\/\/www.linkedin.com\/in\/christian-paul-30272246\/\" target=\"_blank\" rel=\"noreferrer noopener\">Christian PAUL<\/a>, maire de la Ville de Lormes et coordonnateur de la <a href=\"https:\/\/www.linkedin.com\/company\/chaire-transformations-de-l%27action-publique\/\" target=\"_blank\" rel=\"noreferrer noopener\">Chaire Transformations de l&#8217;action publique<\/a> ;<\/li>\n<\/ul>\n\n\n\n<ul class=\"wp-block-list\">\n<li>Table ronde 1 : Quels enjeux pour la sant\u00e9 en milieu rural ? avec <a href=\"https:\/\/www.linkedin.com\/in\/louise-bourdel-3174a2129\/\" target=\"_blank\" rel=\"noreferrer noopener\">Louise Bourdel<\/a> m\u00e9decin en sant\u00e9 publique et m\u00e9decin conseiller technique nationale CCMSA, @Isabelle Dugelet, maire de la Gresle et administrative de l&#8217; <a href=\"https:\/\/www.linkedin.com\/company\/amrf\/\" target=\"_blank\" rel=\"noreferrer noopener\">Association des Maires Ruraux de France &#8211; AMRF\u00a0<\/a> charg\u00e9 de l&#8217;acc\u00e8s aux soins et <a href=\"https:\/\/www.linkedin.com\/in\/gabriel-du-passage-20b0707\/\" target=\"_blank\" rel=\"noreferrer noopener\">Gabriel du Passage<\/a>, directeur des op\u00e9rations du collectif m\u00e9decins solidaires ;<\/li>\n<\/ul>\n\n\n\n<ul class=\"wp-block-list\">\n<li>Table ronde 2 : Comment adapter la protection sociale aux \u00e9volutions d\u00e9mographiques et sociologiques du milieu rural ? avec <a href=\"https:\/\/fr.linkedin.com\/in\/samuel-chabr%C3%A9-609a281a?trk=public_post-text\">Samuel Chabr\u00e9<\/a> pr\u00e9sident du <a href=\"https:\/\/fr.linkedin.com\/company\/tiers-lieu-paysan-de-la-martini%C3%A8re?trk=public_post-text\">Tiers-lieu Paysan de la Martini\u00e8re<\/a>, <a href=\"https:\/\/fr.linkedin.com\/in\/bertrand-vialatte-04997464?trk=public_post-text\">Bertrand VIALATTE<\/a>, directeur de l&#8217; <a href=\"https:\/\/fr.linkedin.com\/company\/udaf-de-la-loire?trk=public_post-text\">Udaf de la Loire<\/a>, @Alexandre Pag\u00e8s, sociologue \u00e0 l&#8217; <a href=\"https:\/\/fr.linkedin.com\/school\/universite-de-franche-comte\/?trk=public_post-text\">universit\u00e9 de Franche-Comt\u00e9<\/a> et <a href=\"https:\/\/fr.linkedin.com\/in\/rodolphedamour?trk=public_post-text\">Rodolphe DAMOUR<\/a>, directeur de la <a href=\"https:\/\/fr.linkedin.com\/company\/caisse-commune-de-s%C3%A9curit%C3%A9-sociale-des-hautes-alpes?trk=public_post-text\">Caisse commune de S\u00e9curit\u00e9 sociale des Hautes-Alpes<\/a>.<\/li>\n<\/ul>\n\n\n\n<p>Participation sur inscription <a href=\"https:\/\/lnkd.in\/eydDZ5rW\">ici.<\/a><\/p>\n\n\n\n<div data-wp-interactive=\"core\/file\" class=\"wp-block-file\"><object data-wp-bind--hidden=\"!state.hasPdfPreview\" hidden class=\"wp-block-file__embed\" data=\"https:\/\/ent2d.ac-bordeaux.fr\/disciplines\/biotechnologies-sante-social\/wp-content\/uploads\/sites\/66\/2024\/05\/1714473434513.pdf\" type=\"application\/pdf\" style=\"width:100%;height:600px\" aria-label=\"Contenu embarqu\u00e9 1714473434513.\"><\/object><a id=\"wp-block-file--media-4a628651-4eab-4aaf-951e-93ec4b8fa376\" href=\"https:\/\/ent2d.ac-bordeaux.fr\/disciplines\/biotechnologies-sante-social\/wp-content\/uploads\/sites\/66\/2024\/05\/1714473434513.pdf\">1714473434513<\/a><a href=\"https:\/\/ent2d.ac-bordeaux.fr\/disciplines\/biotechnologies-sante-social\/wp-content\/uploads\/sites\/66\/2024\/05\/1714473434513.pdf\" class=\"wp-block-file__button wp-element-button\" download aria-describedby=\"wp-block-file--media-4a628651-4eab-4aaf-951e-93ec4b8fa376\">T\u00e9l\u00e9charger<\/a><\/div>\n","protected":false},"excerpt":{"rendered":"<p>La Chaire Politiques et Innovations Sociales des Territoires, Sciences Po Lyon, l\u2019\u00c9cole nationale sup\u00e9rieure de la S\u00e9curit\u00e9 sociale (EN3S) ainsi<\/p>\n","protected":false},"author":786,"featured_media":6006,"comment_status":"closed","ping_status":"closed","sticky":false,"template":"","format":"standard","meta":{"_bbp_topic_count":0,"_bbp_reply_count":0,"_bbp_total_topic_count":0,"_bbp_total_reply_count":0,"_bbp_voice_count":0,"_bbp_anonymous_reply_count":0,"_bbp_topic_count_hidden":0,"_bbp_reply_count_hidden":0,"_bbp_forum_subforum_count":0,"footnotes":""},"categories":[30,16],"tags":[372,373,374,371,176],"class_list":["post-6002","post","type-post","status-publish","format-standard","has-post-thumbnail","hentry","category-actualites-stms","category-stms","tag-enjeux-pour-la-sante","tag-evolutions-demographiques","tag-evolutions-sociiologiques","tag-milieu-rural","tag-protection-sociale"],"_links":{"self":[{"href":"https:\/\/ent2d.ac-bordeaux.fr\/disciplines\/biotechnologies-sante-social\/wp-json\/wp\/v2\/posts\/6002","targetHints":{"allow":["GET"]}}],"collection":[{"href":"https:\/\/ent2d.ac-bordeaux.fr\/disciplines\/biotechnologies-sante-social\/wp-json\/wp\/v2\/posts"}],"about":[{"href":"https:\/\/ent2d.ac-bordeaux.fr\/disciplines\/biotechnologies-sante-social\/wp-json\/wp\/v2\/types\/post"}],"author":[{"embeddable":true,"href":"https:\/\/ent2d.ac-bordeaux.fr\/disciplines\/biotechnologies-sante-social\/wp-json\/wp\/v2\/users\/786"}],"replies":[{"embeddable":true,"href":"https:\/\/ent2d.ac-bordeaux.fr\/disciplines\/biotechnologies-sante-social\/wp-json\/wp\/v2\/comments?post=6002"}],"version-history":[{"count":2,"href":"https:\/\/ent2d.ac-bordeaux.fr\/disciplines\/biotechnologies-sante-social\/wp-json\/wp\/v2\/posts\/6002\/revisions"}],"predecessor-version":[{"id":6005,"href":"https:\/\/ent2d.ac-bordeaux.fr\/disciplines\/biotechnologies-sante-social\/wp-json\/wp\/v2\/posts\/6002\/revisions\/6005"}],"wp:featuredmedia":[{"embeddable":true,"href":"https:\/\/ent2d.ac-bordeaux.fr\/disciplines\/biotechnologies-sante-social\/wp-json\/wp\/v2\/media\/6006"}],"wp:attachment":[{"href":"https:\/\/ent2d.ac-bordeaux.fr\/disciplines\/biotechnologies-sante-social\/wp-json\/wp\/v2\/media?parent=6002"}],"wp:term":[{"taxonomy":"category","embeddable":true,"href":"https:\/\/ent2d.ac-bordeaux.fr\/disciplines\/biotechnologies-sante-social\/wp-json\/wp\/v2\/categories?post=6002"},{"taxonomy":"post_tag","embeddable":true,"href":"https:\/\/ent2d.ac-bordeaux.fr\/disciplines\/biotechnologies-sante-social\/wp-json\/wp\/v2\/tags?post=6002"}],"curies":[{"name":"wp","href":"https:\/\/api.w.org\/{rel}","templated":true}]}}