{"id":5945,"date":"2024-04-29T15:09:40","date_gmt":"2024-04-29T13:09:40","guid":{"rendered":"https:\/\/ent2d.ac-bordeaux.fr\/disciplines\/biotechnologies-sante-social\/?p=5945"},"modified":"2024-12-23T16:33:21","modified_gmt":"2024-12-23T15:33:21","slug":"pnf-2023-2024-1er-webinaire-nouveau-bts-bioanalyses-en-laboratoire-de-controle","status":"publish","type":"post","link":"https:\/\/ent2d.ac-bordeaux.fr\/disciplines\/biotechnologies-sante-social\/2024\/04\/29\/pnf-2023-2024-1er-webinaire-nouveau-bts-bioanalyses-en-laboratoire-de-controle\/","title":{"rendered":"PNF 2023-2024 &#8211; 1er webinaire : Nouveau BTS BioAnalyses en Laboratoire de Contr\u00f4le"},"content":{"rendered":"\n<p>Le 21 mars 2024 a eu lieu le premier webinaire de pr\u00e9sentation du nouveau BTS BioAnalyses en Laboratoire de Contr\u00f4le. Retrouvez l&#8217;ensemble des vid\u00e9os dans la liste de lecture suivante:<\/p>\n\n\n\n<div class=\"wp-block-columns are-vertically-aligned-center is-layout-flex wp-container-core-columns-is-layout-28f84493 wp-block-columns-is-layout-flex\">\n<div class=\"wp-block-column is-vertically-aligned-center is-layout-flow wp-block-column-is-layout-flow\">\n<div class=\"wp-block-columns are-vertically-aligned-center is-layout-flex wp-container-core-columns-is-layout-28f84493 wp-block-columns-is-layout-flex\">\n<div class=\"wp-block-column is-vertically-aligned-center is-layout-flow wp-block-column-is-layout-flow\" style=\"flex-basis:100%\">\n<h4 class=\"wp-block-heading has-vivid-cyan-blue-color has-text-color has-link-color wp-elements-06069f7a0289ca7d614cf5cfc5ea601d\"><strong>1- Introduction de la r\u00e9novation de la fili\u00e8re biotechnologie et bio-industries<\/strong><\/h4>\n\n\n\n<p><strong>Caroline BONNEFOY, IGESR <\/strong><\/p>\n\n\n\n<p><strong>Morgane LE BRAS-CARABOEUF, IGESR<\/strong><\/p>\n<\/div>\n<\/div>\n<\/div>\n\n\n\n<div class=\"wp-block-column is-vertically-aligned-center is-layout-flow wp-block-column-is-layout-flow\"><iframe loading=\"lazy\" src=\"https:\/\/podeduc.apps.education.fr\/video\/43594-pnf-2023-2024-1er-webinaire-renovation-du-bts-bioanalyses-et-controle\/?is_iframe=true\" title=\"\" width=\"320\" height=\"180\" scrolling=\"yes\" frameborder=\"0\" marginheight=\"0\" allowFullScreen=\"true\"><a href=\"https:\/\/podeduc.apps.education.fr\/video\/43594-pnf-2023-2024-1er-webinaire-renovation-du-bts-bioanalyses-et-controle\/?is_iframe=true\" target=\"_blank\">https:\/\/podeduc.apps.education.fr\/video\/43594-pnf-2023-2024-1er-webinaire-renovation-du-bts-bioanalyses-et-controle\/?is_iframe=true<\/a><\/iframe>\n<\/div>\n<\/div>\n\n\n\n<div class=\"wp-block-columns are-vertically-aligned-center is-layout-flex wp-container-core-columns-is-layout-28f84493 wp-block-columns-is-layout-flex\">\n<div class=\"wp-block-column is-vertically-aligned-center is-layout-flow wp-block-column-is-layout-flow\">\n<div class=\"wp-block-columns are-vertically-aligned-center is-layout-flex wp-container-core-columns-is-layout-28f84493 wp-block-columns-is-layout-flex\">\n<div class=\"wp-block-column is-vertically-aligned-center is-layout-flow wp-block-column-is-layout-flow\" style=\"flex-basis:100%\">\n<h4 class=\"wp-block-heading has-vivid-cyan-blue-color has-text-color has-link-color wp-elements-eb0a6f5a0a39b83dea03b5120f76c291\"><strong>2- T\u00e9moignages de professionnels : relations entre la formation initiale en BTS BioALC et les entreprises<\/strong><\/h4>\n\n\n\n<p><strong>Guillaume FRELAT, Business line Manager SFSC France &#8211; SILLIKER\u00ae Food Science Center &#8211; M\u00e9rieux NutriSciences<\/strong><\/p>\n<\/div>\n<\/div>\n<\/div>\n\n\n\n<div class=\"wp-block-column is-vertically-aligned-center is-layout-flow wp-block-column-is-layout-flow\"><iframe loading=\"lazy\" src=\"https:\/\/podeduc.apps.education.fr\/video\/43595-pnf-2023-2024-1er-webinaire-renovation-du-bts-bioanalyses-et-controle\/?is_iframe=true\" title=\"\" width=\"320\" height=\"180\" scrolling=\"yes\" frameborder=\"0\" marginheight=\"0\" allowFullScreen=\"true\"><a href=\"https:\/\/podeduc.apps.education.fr\/video\/43595-pnf-2023-2024-1er-webinaire-renovation-du-bts-bioanalyses-et-controle\/?is_iframe=true\" target=\"_blank\">https:\/\/podeduc.apps.education.fr\/video\/43595-pnf-2023-2024-1er-webinaire-renovation-du-bts-bioanalyses-et-controle\/?is_iframe=true<\/a><\/iframe>\n<\/div>\n<\/div>\n\n\n\n<div class=\"wp-block-columns are-vertically-aligned-center is-layout-flex wp-container-core-columns-is-layout-28f84493 wp-block-columns-is-layout-flex\">\n<div class=\"wp-block-column is-vertically-aligned-center is-layout-flow wp-block-column-is-layout-flow\">\n<div class=\"wp-block-columns are-vertically-aligned-center is-layout-flex wp-container-core-columns-is-layout-28f84493 wp-block-columns-is-layout-flex\">\n<div class=\"wp-block-column is-vertically-aligned-center is-layout-flow wp-block-column-is-layout-flow\" style=\"flex-basis:100%\">\n<h4 class=\"wp-block-heading has-vivid-cyan-blue-color has-text-color has-link-color wp-elements-9a81df6389981427c2f677e097f89bbf\"><strong>3- <strong>T\u00e9moignages de professionnels : relations entre la formation initiale en BTS BioALC et les entreprise<\/strong>s<\/strong><\/h4>\n\n\n\n<p><strong><strong>Nicolas GROUX,<\/strong> Directeur G\u00e9n\u00e9ral \/ CEO chez MabDesign<\/strong><\/p>\n<\/div>\n<\/div>\n<\/div>\n\n\n\n<div class=\"wp-block-column is-vertically-aligned-center is-layout-flow wp-block-column-is-layout-flow\"><iframe loading=\"lazy\" src=\"https:\/\/podeduc.apps.education.fr\/video\/43596-pnf-2023-2024-1er-webinaire-renovation-du-bts-bioanalyses-et-controle\/?is_iframe=true\" title=\"\" width=\"320\" height=\"180\" scrolling=\"yes\" frameborder=\"0\" marginheight=\"0\" allowFullScreen=\"true\"><a href=\"https:\/\/podeduc.apps.education.fr\/video\/43596-pnf-2023-2024-1er-webinaire-renovation-du-bts-bioanalyses-et-controle\/?is_iframe=true\" target=\"_blank\">https:\/\/podeduc.apps.education.fr\/video\/43596-pnf-2023-2024-1er-webinaire-renovation-du-bts-bioanalyses-et-controle\/?is_iframe=true<\/a><\/iframe>\n<\/div>\n<\/div>\n\n\n\n<div class=\"wp-block-columns are-vertically-aligned-center is-layout-flex wp-container-core-columns-is-layout-28f84493 wp-block-columns-is-layout-flex\">\n<div class=\"wp-block-column is-vertically-aligned-center is-layout-flow wp-block-column-is-layout-flow\">\n<div class=\"wp-block-columns are-vertically-aligned-center is-layout-flex wp-container-core-columns-is-layout-28f84493 wp-block-columns-is-layout-flex\">\n<div class=\"wp-block-column is-vertically-aligned-center is-layout-flow wp-block-column-is-layout-flow\" style=\"flex-basis:100%\">\n<h4 class=\"wp-block-heading has-vivid-cyan-blue-color has-text-color has-link-color wp-elements-492a867751f20a6e23944efce74749dc\"><strong>4-<\/strong> <strong>A<strong><strong>ctivit\u00e9s et comp\u00e9tences professionnelles<\/strong><br><\/strong><\/strong><em>Processus d\u2019\u00e9laboration du r\u00e9f\u00e9rentiel<\/em><\/h4>\n\n\n\n<p><strong>Marie-Laure SASTRE<\/strong>, <strong>IA-IPR Biotechnologie G\u00e9nie Biologique<\/strong><\/p>\n<\/div>\n<\/div>\n<\/div>\n\n\n\n<div class=\"wp-block-column is-vertically-aligned-center is-layout-flow wp-block-column-is-layout-flow\"><iframe loading=\"lazy\" src=\"https:\/\/podeduc.apps.education.fr\/video\/43597-pnf-2023-2024-1er-webinaire-renovation-du-bts-bioanalyses-et-controle\/?is_iframe=true\" title=\"\" width=\"320\" height=\"180\" scrolling=\"yes\" frameborder=\"0\" marginheight=\"0\" allowFullScreen=\"true\"><a href=\"https:\/\/podeduc.apps.education.fr\/video\/43597-pnf-2023-2024-1er-webinaire-renovation-du-bts-bioanalyses-et-controle\/?is_iframe=true\" target=\"_blank\">https:\/\/podeduc.apps.education.fr\/video\/43597-pnf-2023-2024-1er-webinaire-renovation-du-bts-bioanalyses-et-controle\/?is_iframe=true<\/a><\/iframe>\n<\/div>\n<\/div>\n\n\n\n<div class=\"wp-block-columns are-vertically-aligned-center is-layout-flex wp-container-core-columns-is-layout-28f84493 wp-block-columns-is-layout-flex\">\n<div class=\"wp-block-column is-vertically-aligned-center is-layout-flow wp-block-column-is-layout-flow\">\n<div class=\"wp-block-columns are-vertically-aligned-center is-layout-flex wp-container-core-columns-is-layout-28f84493 wp-block-columns-is-layout-flex\">\n<div class=\"wp-block-column is-vertically-aligned-center is-layout-flow wp-block-column-is-layout-flow\" style=\"flex-basis:100%\">\n<h4 class=\"wp-block-heading has-vivid-cyan-blue-color has-text-color has-link-color wp-elements-a806772e3bac68acafe9776aa3ebe4bc\"><strong>5-<\/strong> <strong>A<strong><strong>ctivit\u00e9s et comp\u00e9tences professionnelles<\/strong><br><\/strong><\/strong><em>Pr\u00e9sentation des activit\u00e9s professionnelles et des comp\u00e9tences professionnelles<\/em><\/h4>\n\n\n\n<p><strong>Val\u00e9rie BOCHARD, IA-IPR Biotechnologie G\u00e9nie Biologique<\/strong><\/p>\n<\/div>\n<\/div>\n<\/div>\n\n\n\n<div class=\"wp-block-column is-vertically-aligned-center is-layout-flow wp-block-column-is-layout-flow\"><iframe loading=\"lazy\" src=\"https:\/\/podeduc.apps.education.fr\/video\/43598-pnf-2023-2024-1er-webinaire-renovation-du-bts-bioanalyses-et-controle\/?is_iframe=true\" title=\"\" width=\"320\" height=\"180\" scrolling=\"yes\" frameborder=\"0\" marginheight=\"0\" allowFullScreen=\"true\"><a href=\"https:\/\/podeduc.apps.education.fr\/video\/43598-pnf-2023-2024-1er-webinaire-renovation-du-bts-bioanalyses-et-controle\/?is_iframe=true\" target=\"_blank\">https:\/\/podeduc.apps.education.fr\/video\/43598-pnf-2023-2024-1er-webinaire-renovation-du-bts-bioanalyses-et-controle\/?is_iframe=true<\/a><\/iframe>\n<\/div>\n<\/div>\n\n\n\n<div class=\"wp-block-columns are-vertically-aligned-center is-layout-flex wp-container-core-columns-is-layout-28f84493 wp-block-columns-is-layout-flex\">\n<div class=\"wp-block-column is-vertically-aligned-center is-layout-flow wp-block-column-is-layout-flow\">\n<div class=\"wp-block-columns are-vertically-aligned-center is-layout-flex wp-container-core-columns-is-layout-28f84493 wp-block-columns-is-layout-flex\">\n<div class=\"wp-block-column is-vertically-aligned-center is-layout-flow wp-block-column-is-layout-flow\" style=\"flex-basis:100%\">\n<h4 class=\"wp-block-heading has-vivid-cyan-blue-color has-text-color has-link-color wp-elements-f9d2b42eec658b288023130b88bfa9c4\"><strong>6-<\/strong> <strong>A<strong><strong>ctivit\u00e9s et comp\u00e9tences professionnelles<\/strong><br><\/strong><\/strong><em>Ing\u00e9nierie des blocs de comp\u00e9tences : Bloc 1<\/em><\/h4>\n\n\n\n<p><strong>Val\u00e9rie BOCHARD,&nbsp;IA-IPR Biotechnologie G\u00e9nie Biologique<br>Muriel CHAVANEL et Fran\u00e7oise LOPEZ,&nbsp;professeures de Biotechnologie G\u00e9nie Biologique<\/strong><\/p>\n<\/div>\n<\/div>\n<\/div>\n\n\n\n<div class=\"wp-block-column is-vertically-aligned-center is-layout-flow wp-block-column-is-layout-flow\"><iframe loading=\"lazy\" src=\"https:\/\/podeduc.apps.education.fr\/video\/43599-pnf-2023-2024-1er-webinaire-renovation-du-bts-bioanalyses-et-controle\/?is_iframe=true\" title=\"\" width=\"320\" height=\"180\" scrolling=\"yes\" frameborder=\"0\" marginheight=\"0\" allowFullScreen=\"true\"><a href=\"https:\/\/podeduc.apps.education.fr\/video\/43599-pnf-2023-2024-1er-webinaire-renovation-du-bts-bioanalyses-et-controle\/?is_iframe=true\" target=\"_blank\">https:\/\/podeduc.apps.education.fr\/video\/43599-pnf-2023-2024-1er-webinaire-renovation-du-bts-bioanalyses-et-controle\/?is_iframe=true<\/a><\/iframe>\n<\/div>\n<\/div>\n\n\n\n<div class=\"wp-block-columns are-vertically-aligned-center is-layout-flex wp-container-core-columns-is-layout-28f84493 wp-block-columns-is-layout-flex\">\n<div class=\"wp-block-column is-vertically-aligned-center is-layout-flow wp-block-column-is-layout-flow\">\n<div class=\"wp-block-columns are-vertically-aligned-center is-layout-flex wp-container-core-columns-is-layout-28f84493 wp-block-columns-is-layout-flex\">\n<div class=\"wp-block-column is-vertically-aligned-center is-layout-flow wp-block-column-is-layout-flow\" style=\"flex-basis:100%\">\n<h4 class=\"wp-block-heading has-vivid-cyan-blue-color has-text-color has-link-color wp-elements-6e4bfeef0050e256c5546b3f72dde50e\"><strong>7-<\/strong> <strong>A<strong><strong>ctivit\u00e9s et comp\u00e9tences professionnelles<\/strong><br><\/strong><\/strong><em>Ing\u00e9nierie des blocs de comp\u00e9tences : Bloc 2<\/em><\/h4>\n\n\n\n<p><strong>Sylvain ANDR\u00c9,&nbsp; IA-IPR Biotechnologie G\u00e9nie Biologique<br>Sabah KELAI et Fabienne MELINE,&nbsp;professeures de de Biotechnologie G\u00e9nie Biologique<\/strong><\/p>\n<\/div>\n<\/div>\n<\/div>\n\n\n\n<div class=\"wp-block-column is-vertically-aligned-center is-layout-flow wp-block-column-is-layout-flow\"><iframe loading=\"lazy\" src=\"https:\/\/podeduc.apps.education.fr\/video\/43600-pnf-2023-2024-1er-webinaire-renovation-du-bts-bioanalyses-et-controle\/?is_iframe=true\" title=\"\" width=\"320\" height=\"180\" scrolling=\"yes\" frameborder=\"0\" marginheight=\"0\" allowFullScreen=\"true\"><a href=\"https:\/\/podeduc.apps.education.fr\/video\/43600-pnf-2023-2024-1er-webinaire-renovation-du-bts-bioanalyses-et-controle\/?is_iframe=true\" target=\"_blank\">https:\/\/podeduc.apps.education.fr\/video\/43600-pnf-2023-2024-1er-webinaire-renovation-du-bts-bioanalyses-et-controle\/?is_iframe=true<\/a><\/iframe>\n<\/div>\n<\/div>\n\n\n\n<div class=\"wp-block-columns are-vertically-aligned-center is-layout-flex wp-container-core-columns-is-layout-28f84493 wp-block-columns-is-layout-flex\">\n<div class=\"wp-block-column is-vertically-aligned-center is-layout-flow wp-block-column-is-layout-flow\">\n<div class=\"wp-block-columns are-vertically-aligned-center is-layout-flex wp-container-core-columns-is-layout-28f84493 wp-block-columns-is-layout-flex\">\n<div class=\"wp-block-column is-vertically-aligned-center is-layout-flow wp-block-column-is-layout-flow\" style=\"flex-basis:100%\">\n<h4 class=\"wp-block-heading has-vivid-cyan-blue-color has-text-color has-link-color wp-elements-5d1ff4c790a02eb0e02a7b212b56c3a5\"><strong>8-<\/strong> <strong>A<strong><strong>ctivit\u00e9s et comp\u00e9tences professionnelles<\/strong><br><\/strong><\/strong><em>Ing\u00e9nierie des blocs de comp\u00e9tences : Bloc 3<\/em><\/h4>\n\n\n\n<p><strong>Sylvain ANDR\u00c9 et Marie-Laure SASTRE, IA-IPR Biotechnologie G\u00e9nie Biologique<br>Olivier BEAUMESNIL, professeur&nbsp; de Biotechnologie G\u00e9nie Biologique<\/strong><\/p>\n<\/div>\n<\/div>\n<\/div>\n\n\n\n<div class=\"wp-block-column is-vertically-aligned-center is-layout-flow wp-block-column-is-layout-flow\"><iframe loading=\"lazy\" src=\"https:\/\/podeduc.apps.education.fr\/video\/43601-pnf-2023-2024-1er-webinaire-renovation-du-bts-bioanalyses-et-controle\/?is_iframe=true\" title=\"\" width=\"320\" height=\"180\" scrolling=\"yes\" frameborder=\"0\" marginheight=\"0\" allowFullScreen=\"true\"><a href=\"https:\/\/podeduc.apps.education.fr\/video\/43601-pnf-2023-2024-1er-webinaire-renovation-du-bts-bioanalyses-et-controle\/?is_iframe=true\" target=\"_blank\">https:\/\/podeduc.apps.education.fr\/video\/43601-pnf-2023-2024-1er-webinaire-renovation-du-bts-bioanalyses-et-controle\/?is_iframe=true<\/a><\/iframe>\n<\/div>\n<\/div>\n\n\n\n<div class=\"wp-block-columns are-vertically-aligned-center is-layout-flex wp-container-core-columns-is-layout-28f84493 wp-block-columns-is-layout-flex\">\n<div class=\"wp-block-column is-vertically-aligned-center is-layout-flow wp-block-column-is-layout-flow\">\n<div class=\"wp-block-columns are-vertically-aligned-center is-layout-flex wp-container-core-columns-is-layout-28f84493 wp-block-columns-is-layout-flex\">\n<div class=\"wp-block-column is-vertically-aligned-center is-layout-flow wp-block-column-is-layout-flow\" style=\"flex-basis:100%\">\n<h4 class=\"wp-block-heading has-vivid-cyan-blue-color has-text-color has-link-color wp-elements-e2812537887c27d2f248d5274978e761\"><strong>9-<\/strong> <strong>A<strong><strong>ctivit\u00e9s et comp\u00e9tences professionnelles<\/strong><br><\/strong><\/strong><em>Ing\u00e9nierie des blocs de comp\u00e9tences : Bloc 4<\/em><\/h4>\n\n\n\n<p><strong>Val\u00e9rie BOCHARD, IA-IPR Biotechnologie G\u00e9nie Biologique<br>Claude ROSSI, professeure de Biotechnologie G\u00e9nie Biologique<\/strong><\/p>\n<\/div>\n<\/div>\n<\/div>\n\n\n\n<div class=\"wp-block-column is-vertically-aligned-center is-layout-flow wp-block-column-is-layout-flow\"><iframe loading=\"lazy\" src=\"https:\/\/podeduc.apps.education.fr\/video\/43602-pnf-2023-2024-1er-webinaire-renovation-du-bts-bioanalyses-et-controle\/?is_iframe=true\" title=\"\" width=\"320\" height=\"180\" scrolling=\"yes\" frameborder=\"0\" marginheight=\"0\" allowFullScreen=\"true\"><a href=\"https:\/\/podeduc.apps.education.fr\/video\/43602-pnf-2023-2024-1er-webinaire-renovation-du-bts-bioanalyses-et-controle\/?is_iframe=true\" target=\"_blank\">https:\/\/podeduc.apps.education.fr\/video\/43602-pnf-2023-2024-1er-webinaire-renovation-du-bts-bioanalyses-et-controle\/?is_iframe=true<\/a><\/iframe>\n<\/div>\n<\/div>\n\n\n\n<div class=\"wp-block-columns are-vertically-aligned-center is-layout-flex wp-container-core-columns-is-layout-28f84493 wp-block-columns-is-layout-flex\">\n<div class=\"wp-block-column is-vertically-aligned-center is-layout-flow wp-block-column-is-layout-flow\">\n<div class=\"wp-block-columns are-vertically-aligned-center is-layout-flex wp-container-core-columns-is-layout-28f84493 wp-block-columns-is-layout-flex\">\n<div class=\"wp-block-column is-vertically-aligned-center is-layout-flow wp-block-column-is-layout-flow\" style=\"flex-basis:100%\">\n<h4 class=\"wp-block-heading has-vivid-cyan-blue-color has-text-color has-link-color wp-elements-c8f9954ca3ca80ed07ab7389689be357\"><strong>10-<\/strong> <strong>A<strong><strong>ctivit\u00e9s et comp\u00e9tences professionnelles<\/strong><br><\/strong><\/strong><em>M\u00e9thodologie de construction de sc\u00e9nario et lien entre les r\u00e9f\u00e9rentiels<\/em><\/h4>\n\n\n\n<p><strong><strong>Sylvain ANDR\u00c9 et Marie-Laure SASTRE<\/strong>, IA-IPR Biotechnologie G\u00e9nie Biologique<br><strong>Bruno DURAND<\/strong>, professeur de Biotechnologie G\u00e9nie Biologique<\/strong><\/p>\n<\/div>\n<\/div>\n<\/div>\n\n\n\n<div class=\"wp-block-column is-vertically-aligned-center is-layout-flow wp-block-column-is-layout-flow\"><iframe loading=\"lazy\" src=\"https:\/\/podeduc.apps.education.fr\/video\/43603-pnf-2023-2024-1er-webinaire-renovation-du-bts-bioanalyses-et-controle\/?is_iframe=true\" title=\"\" width=\"320\" height=\"180\" scrolling=\"yes\" frameborder=\"0\" marginheight=\"0\" allowFullScreen=\"true\"><a href=\"https:\/\/podeduc.apps.education.fr\/video\/43603-pnf-2023-2024-1er-webinaire-renovation-du-bts-bioanalyses-et-controle\/?is_iframe=true\" target=\"_blank\">https:\/\/podeduc.apps.education.fr\/video\/43603-pnf-2023-2024-1er-webinaire-renovation-du-bts-bioanalyses-et-controle\/?is_iframe=true<\/a><\/iframe>\n<\/div>\n<\/div>\n\n\n\n<div class=\"wp-block-columns are-vertically-aligned-center is-layout-flex wp-container-core-columns-is-layout-28f84493 wp-block-columns-is-layout-flex\">\n<div class=\"wp-block-column is-vertically-aligned-center is-layout-flow wp-block-column-is-layout-flow\">\n<div class=\"wp-block-columns are-vertically-aligned-center is-layout-flex wp-container-core-columns-is-layout-28f84493 wp-block-columns-is-layout-flex\">\n<div class=\"wp-block-column is-vertically-aligned-center is-layout-flow wp-block-column-is-layout-flow\" style=\"flex-basis:100%\">\n<h4 class=\"wp-block-heading has-vivid-cyan-blue-color has-text-color has-link-color wp-elements-dcaea999f0641aa8ab4603d90870e9b9\"><strong>11-<\/strong> <strong><strong><strong>Enseignements g\u00e9n\u00e9raux<\/strong><br><\/strong><\/strong><em>Enseignement de Culture G\u00e9n\u00e9rale et Expression<\/em><\/h4>\n\n\n\n<p><strong>M\u00e9lanie PIRCAR,&nbsp;IGESR<\/strong><\/p>\n<\/div>\n<\/div>\n<\/div>\n\n\n\n<div class=\"wp-block-column is-vertically-aligned-center is-layout-flow wp-block-column-is-layout-flow\"><iframe loading=\"lazy\" src=\"https:\/\/podeduc.apps.education.fr\/video\/43604-pnf-2023-2024-1er-webinaire-renovation-du-bts-bioanalyses-et-controle\/?is_iframe=true\" title=\"\" width=\"320\" height=\"180\" scrolling=\"yes\" frameborder=\"0\" marginheight=\"0\" allowFullScreen=\"true\"><a href=\"https:\/\/podeduc.apps.education.fr\/video\/43604-pnf-2023-2024-1er-webinaire-renovation-du-bts-bioanalyses-et-controle\/?is_iframe=true\" target=\"_blank\">https:\/\/podeduc.apps.education.fr\/video\/43604-pnf-2023-2024-1er-webinaire-renovation-du-bts-bioanalyses-et-controle\/?is_iframe=true<\/a><\/iframe>\n<\/div>\n<\/div>\n\n\n\n<div class=\"wp-block-columns are-vertically-aligned-center is-layout-flex wp-container-core-columns-is-layout-28f84493 wp-block-columns-is-layout-flex\">\n<div class=\"wp-block-column is-vertically-aligned-center is-layout-flow wp-block-column-is-layout-flow\">\n<div class=\"wp-block-columns are-vertically-aligned-center is-layout-flex wp-container-core-columns-is-layout-28f84493 wp-block-columns-is-layout-flex\">\n<div class=\"wp-block-column is-vertically-aligned-center is-layout-flow wp-block-column-is-layout-flow\" style=\"flex-basis:100%\">\n<h4 class=\"wp-block-heading has-vivid-cyan-blue-color has-text-color has-link-color wp-elements-70d994985a8a7b487bbeb1eba3650f5d\"><strong>12-<\/strong> <strong><strong><strong>Enseignements g\u00e9n\u00e9raux<\/strong><br><\/strong><\/strong><em>Enseignement de Math\u00e9matiques<\/em><\/h4>\n\n\n\n<p><strong><strong>Karim ZAYANA<\/strong>, IGESR<\/strong><\/p>\n<\/div>\n<\/div>\n<\/div>\n\n\n\n<div class=\"wp-block-column is-vertically-aligned-center is-layout-flow wp-block-column-is-layout-flow\"><iframe loading=\"lazy\" src=\"https:\/\/podeduc.apps.education.fr\/video\/43605-pnf-2023-2024-1er-webinaire-renovation-du-bts-bioanalyses-et-controle\/?is_iframe=true\" title=\"\" width=\"320\" height=\"180\" scrolling=\"yes\" frameborder=\"0\" marginheight=\"0\" allowFullScreen=\"true\"><a href=\"https:\/\/podeduc.apps.education.fr\/video\/43605-pnf-2023-2024-1er-webinaire-renovation-du-bts-bioanalyses-et-controle\/?is_iframe=true\" target=\"_blank\">https:\/\/podeduc.apps.education.fr\/video\/43605-pnf-2023-2024-1er-webinaire-renovation-du-bts-bioanalyses-et-controle\/?is_iframe=true<\/a><\/iframe>\n<\/div>\n<\/div>\n\n\n\n<div class=\"wp-block-columns are-vertically-aligned-center is-layout-flex wp-container-core-columns-is-layout-28f84493 wp-block-columns-is-layout-flex\">\n<div class=\"wp-block-column is-vertically-aligned-center is-layout-flow wp-block-column-is-layout-flow\">\n<div class=\"wp-block-columns are-vertically-aligned-center is-layout-flex wp-container-core-columns-is-layout-28f84493 wp-block-columns-is-layout-flex\">\n<div class=\"wp-block-column is-vertically-aligned-center is-layout-flow wp-block-column-is-layout-flow\" style=\"flex-basis:100%\">\n<h4 class=\"wp-block-heading has-vivid-cyan-blue-color has-text-color has-link-color wp-elements-929b4f7530e2d63e4c2d182b408866e9\"><strong>13-<\/strong> <strong><strong><strong>Enseignements g\u00e9n\u00e9raux<\/strong><br><\/strong><\/strong><em>Enseignement de Physique Chimie<\/em><\/h4>\n\n\n\n<p><strong><strong><strong>Antoine ELOI<\/strong>, IGESR<\/strong><\/strong><\/p>\n<\/div>\n<\/div>\n<\/div>\n\n\n\n<div class=\"wp-block-column is-vertically-aligned-center is-layout-flow wp-block-column-is-layout-flow\"><iframe loading=\"lazy\" src=\"https:\/\/podeduc.apps.education.fr\/video\/43606-pnf-2023-2024-1er-webinaire-renovation-du-bts-bioanalyses-et-controle\/?is_iframe=true\" title=\"\" width=\"320\" height=\"180\" scrolling=\"yes\" frameborder=\"0\" marginheight=\"0\" allowFullScreen=\"true\"><a href=\"https:\/\/podeduc.apps.education.fr\/video\/43606-pnf-2023-2024-1er-webinaire-renovation-du-bts-bioanalyses-et-controle\/?is_iframe=true\" target=\"_blank\">https:\/\/podeduc.apps.education.fr\/video\/43606-pnf-2023-2024-1er-webinaire-renovation-du-bts-bioanalyses-et-controle\/?is_iframe=true<\/a><\/iframe>\n<\/div>\n<\/div>\n\n\n\n<div class=\"wp-block-columns are-vertically-aligned-center is-layout-flex wp-container-core-columns-is-layout-28f84493 wp-block-columns-is-layout-flex\">\n<div class=\"wp-block-column is-vertically-aligned-center is-layout-flow wp-block-column-is-layout-flow\">\n<div class=\"wp-block-columns are-vertically-aligned-center is-layout-flex wp-container-core-columns-is-layout-28f84493 wp-block-columns-is-layout-flex\">\n<div class=\"wp-block-column is-vertically-aligned-center is-layout-flow wp-block-column-is-layout-flow\" style=\"flex-basis:100%\">\n<h4 class=\"wp-block-heading has-vivid-cyan-blue-color has-text-color has-link-color wp-elements-063a5a569972db60e3db71ed5ad36a36\"><strong>14-<\/strong> <strong><strong><strong>Enseignements g\u00e9n\u00e9raux<\/strong><br><\/strong><\/strong><em>Enseignement de Philosophie<\/em><\/h4>\n\n\n\n<p><strong><strong><strong><strong>Paule LA MARNE<\/strong>, IGESR<\/strong><\/strong><\/strong><\/p>\n<\/div>\n<\/div>\n<\/div>\n\n\n\n<div class=\"wp-block-column is-vertically-aligned-center is-layout-flow wp-block-column-is-layout-flow\"><iframe loading=\"lazy\" src=\"https:\/\/podeduc.apps.education.fr\/video\/43646-pnf-2023-2024-1er-webinaire-renovation-du-bts-bioanalyses-et-controle\/?is_iframe=true\" title=\"\" width=\"320\" height=\"180\" scrolling=\"yes\" frameborder=\"0\" marginheight=\"0\" allowFullScreen=\"true\"><a href=\"https:\/\/podeduc.apps.education.fr\/video\/43646-pnf-2023-2024-1er-webinaire-renovation-du-bts-bioanalyses-et-controle\/?is_iframe=true\" target=\"_blank\">https:\/\/podeduc.apps.education.fr\/video\/43646-pnf-2023-2024-1er-webinaire-renovation-du-bts-bioanalyses-et-controle\/?is_iframe=true<\/a><\/iframe>\n<\/div>\n<\/div>\n\n\n\n<div class=\"wp-block-columns are-vertically-aligned-center is-layout-flex wp-container-core-columns-is-layout-28f84493 wp-block-columns-is-layout-flex\">\n<div class=\"wp-block-column is-vertically-aligned-center is-layout-flow wp-block-column-is-layout-flow\">\n<div class=\"wp-block-columns are-vertically-aligned-center is-layout-flex wp-container-core-columns-is-layout-28f84493 wp-block-columns-is-layout-flex\">\n<div class=\"wp-block-column is-vertically-aligned-center is-layout-flow wp-block-column-is-layout-flow\" style=\"flex-basis:100%\">\n<h4 class=\"wp-block-heading has-vivid-cyan-blue-color has-text-color has-link-color wp-elements-0e43bac2567349a0ce31c5ecd7d18dc7\"><strong>15-<\/strong> <strong><strong><strong>Enseignements g\u00e9n\u00e9raux<\/strong><br><\/strong><\/strong><em>Enseignement d\u2019anglais<\/em><\/h4>\n\n\n\n<p><strong><strong><strong><strong><strong>M\u00e9lanie HERMENT<\/strong>, IA-IPR de langue vivante \u2013 anglais<\/strong><\/strong><\/strong><\/strong><\/p>\n<\/div>\n<\/div>\n<\/div>\n\n\n\n<div class=\"wp-block-column is-vertically-aligned-center is-layout-flow wp-block-column-is-layout-flow\"><iframe loading=\"lazy\" src=\"https:\/\/podeduc.apps.education.fr\/video\/43647-pnf-2023-2024-1er-webinaire-renovation-du-bts-bioanalyses-et-controle\/?is_iframe=true\" title=\"\" width=\"320\" height=\"180\" scrolling=\"yes\" frameborder=\"0\" marginheight=\"0\" allowFullScreen=\"true\"><a href=\"https:\/\/podeduc.apps.education.fr\/video\/43647-pnf-2023-2024-1er-webinaire-renovation-du-bts-bioanalyses-et-controle\/?is_iframe=true\" target=\"_blank\">https:\/\/podeduc.apps.education.fr\/video\/43647-pnf-2023-2024-1er-webinaire-renovation-du-bts-bioanalyses-et-controle\/?is_iframe=true<\/a><\/iframe>\n<\/div>\n<\/div>\n\n\n\n<div class=\"wp-block-columns are-vertically-aligned-center is-layout-flex wp-container-core-columns-is-layout-28f84493 wp-block-columns-is-layout-flex\">\n<div class=\"wp-block-column is-vertically-aligned-center is-layout-flow wp-block-column-is-layout-flow\">\n<div class=\"wp-block-columns are-vertically-aligned-center is-layout-flex wp-container-core-columns-is-layout-28f84493 wp-block-columns-is-layout-flex\">\n<div class=\"wp-block-column is-vertically-aligned-center is-layout-flow wp-block-column-is-layout-flow\" style=\"flex-basis:100%\">\n<h4 class=\"wp-block-heading has-vivid-cyan-blue-color has-text-color has-link-color wp-elements-ef2946755fa02ecfa7e5bd6fb5974981\"><strong>16-<\/strong> <strong>Pistes sur l\u2019\u00e9laboration des services et des emplois du temps, pr\u00e9sentation de la grille horaire, exemples de r\u00e9partition de service et d\u2019emploi du temps<\/strong><\/h4>\n\n\n\n<p><strong><strong><strong><strong><strong><strong>Sylvain ANDRE<\/strong>, IA-IPR<\/strong><\/strong><\/strong><\/strong><\/strong><\/p>\n\n\n\n<p><strong><strong><strong><strong><strong><strong>Olivier BEAUMESNIL<\/strong>&nbsp;et&nbsp;<strong>Claude ROSSI,<\/strong>&nbsp;professeurs de Biotechnologie G\u00e9nie Biologique<\/strong><\/strong><\/strong><\/strong><\/strong><\/p>\n<\/div>\n<\/div>\n<\/div>\n\n\n\n<div class=\"wp-block-column is-vertically-aligned-center is-layout-flow wp-block-column-is-layout-flow\"><iframe loading=\"lazy\" src=\"https:\/\/podeduc.apps.education.fr\/video\/43648-pnf-2023-2024-1er-webinaire-renovation-du-bts-bioanalyses-et-controle\/?is_iframe=true\" title=\"\" width=\"320\" height=\"180\" scrolling=\"yes\" frameborder=\"0\" marginheight=\"0\" allowFullScreen=\"true\"><a href=\"https:\/\/podeduc.apps.education.fr\/video\/43648-pnf-2023-2024-1er-webinaire-renovation-du-bts-bioanalyses-et-controle\/?is_iframe=true\" target=\"_blank\">https:\/\/podeduc.apps.education.fr\/video\/43648-pnf-2023-2024-1er-webinaire-renovation-du-bts-bioanalyses-et-controle\/?is_iframe=true<\/a><\/iframe>\n<\/div>\n<\/div>\n\n\n\n<div class=\"wp-block-columns are-vertically-aligned-center is-layout-flex wp-container-core-columns-is-layout-28f84493 wp-block-columns-is-layout-flex\">\n<div class=\"wp-block-column is-vertically-aligned-center is-layout-flow wp-block-column-is-layout-flow\">\n<div class=\"wp-block-columns are-vertically-aligned-center is-layout-flex wp-container-core-columns-is-layout-28f84493 wp-block-columns-is-layout-flex\">\n<div class=\"wp-block-column is-vertically-aligned-center is-layout-flow wp-block-column-is-layout-flow\" style=\"flex-basis:100%\">\n<h4 class=\"wp-block-heading has-vivid-cyan-blue-color has-text-color has-link-color wp-elements-2b0e757677bc5c172a03c88c963468f0\"><strong>17-<\/strong> <strong>Cl\u00f4ture<\/strong><\/h4>\n\n\n\n<p><strong>Caroline BONNEFOY,<\/strong>&nbsp;<strong>IGESR<\/strong><\/p>\n\n\n\n<p><strong> Morgane LE BRAS-CARABOEUF,<\/strong>&nbsp;<strong>IGESR<\/strong><\/p>\n<\/div>\n<\/div>\n<\/div>\n\n\n\n<div class=\"wp-block-column is-vertically-aligned-center is-layout-flow wp-block-column-is-layout-flow\"><iframe loading=\"lazy\" src=\"https:\/\/podeduc.apps.education.fr\/video\/43649-pnf-2023-2024-1er-webinaire-renovation-du-bts-bioanalyses-et-controle\/?is_iframe=true\" title=\"\" width=\"320\" height=\"180\" scrolling=\"yes\" frameborder=\"0\" marginheight=\"0\" allowFullScreen=\"true\"><a href=\"https:\/\/podeduc.apps.education.fr\/video\/43649-pnf-2023-2024-1er-webinaire-renovation-du-bts-bioanalyses-et-controle\/?is_iframe=true\" target=\"_blank\">https:\/\/podeduc.apps.education.fr\/video\/43649-pnf-2023-2024-1er-webinaire-renovation-du-bts-bioanalyses-et-controle\/?is_iframe=true<\/a><\/iframe>\n<\/div>\n<\/div>\n","protected":false},"excerpt":{"rendered":"<p>Le 21 mars 2024 a eu lieu le premier webinaire de pr\u00e9sentation du nouveau BTS BioAnalyses en Laboratoire de Contr\u00f4le.<\/p>\n","protected":false},"author":1774,"featured_media":6012,"comment_status":"closed","ping_status":"closed","sticky":false,"template":"","format":"standard","meta":{"_bbp_topic_count":0,"_bbp_reply_count":0,"_bbp_total_topic_count":0,"_bbp_total_reply_count":0,"_bbp_voice_count":0,"_bbp_anonymous_reply_count":0,"_bbp_topic_count_hidden":0,"_bbp_reply_count_hidden":0,"_bbp_forum_subforum_count":0,"footnotes":""},"categories":[164,369,312],"tags":[49,367,370,366,98],"class_list":["post-5945","post","type-post","status-publish","format-standard","has-post-thumbnail","hentry","category-a-la-une","category-bioalc","category-reforme-des-bts","tag-bts","tag-bts-bioalc","tag-pnf","tag-reforme-des-bts","tag-webinaire"],"_links":{"self":[{"href":"https:\/\/ent2d.ac-bordeaux.fr\/disciplines\/biotechnologies-sante-social\/wp-json\/wp\/v2\/posts\/5945","targetHints":{"allow":["GET"]}}],"collection":[{"href":"https:\/\/ent2d.ac-bordeaux.fr\/disciplines\/biotechnologies-sante-social\/wp-json\/wp\/v2\/posts"}],"about":[{"href":"https:\/\/ent2d.ac-bordeaux.fr\/disciplines\/biotechnologies-sante-social\/wp-json\/wp\/v2\/types\/post"}],"author":[{"embeddable":true,"href":"https:\/\/ent2d.ac-bordeaux.fr\/disciplines\/biotechnologies-sante-social\/wp-json\/wp\/v2\/users\/1774"}],"replies":[{"embeddable":true,"href":"https:\/\/ent2d.ac-bordeaux.fr\/disciplines\/biotechnologies-sante-social\/wp-json\/wp\/v2\/comments?post=5945"}],"version-history":[{"count":24,"href":"https:\/\/ent2d.ac-bordeaux.fr\/disciplines\/biotechnologies-sante-social\/wp-json\/wp\/v2\/posts\/5945\/revisions"}],"predecessor-version":[{"id":5977,"href":"https:\/\/ent2d.ac-bordeaux.fr\/disciplines\/biotechnologies-sante-social\/wp-json\/wp\/v2\/posts\/5945\/revisions\/5977"}],"wp:featuredmedia":[{"embeddable":true,"href":"https:\/\/ent2d.ac-bordeaux.fr\/disciplines\/biotechnologies-sante-social\/wp-json\/wp\/v2\/media\/6012"}],"wp:attachment":[{"href":"https:\/\/ent2d.ac-bordeaux.fr\/disciplines\/biotechnologies-sante-social\/wp-json\/wp\/v2\/media?parent=5945"}],"wp:term":[{"taxonomy":"category","embeddable":true,"href":"https:\/\/ent2d.ac-bordeaux.fr\/disciplines\/biotechnologies-sante-social\/wp-json\/wp\/v2\/categories?post=5945"},{"taxonomy":"post_tag","embeddable":true,"href":"https:\/\/ent2d.ac-bordeaux.fr\/disciplines\/biotechnologies-sante-social\/wp-json\/wp\/v2\/tags?post=5945"}],"curies":[{"name":"wp","href":"https:\/\/api.w.org\/{rel}","templated":true}]}}