{"id":5770,"date":"2024-03-05T11:55:21","date_gmt":"2024-03-05T10:55:21","guid":{"rendered":"https:\/\/ent2d.ac-bordeaux.fr\/disciplines\/biotechnologies-sante-social\/?p=5770"},"modified":"2024-03-05T11:55:22","modified_gmt":"2024-03-05T10:55:22","slug":"podcast-sur-lars-nouvelle-aquitaine","status":"publish","type":"post","link":"https:\/\/ent2d.ac-bordeaux.fr\/disciplines\/biotechnologies-sante-social\/2024\/03\/05\/podcast-sur-lars-nouvelle-aquitaine\/","title":{"rendered":"Podcast sur l&#8217;ARS Nouvelle-Aquitaine"},"content":{"rendered":"\n<p>Interview d&#8217;Eric Jalran, directeur de la d\u00e9l\u00e9gation d\u00e9partementale des Landes de l&#8217;ARS Nouvelle-Aquitaine, invit\u00e9 de la radio Souvenirs FM le 22 f\u00e9vrier dernier. Ce dernier a abord\u00e9 divers sujets :<\/p>\n\n\n\n<ul class=\"wp-block-list\">\n<li>R\u00f4les et missions de l&#8217;ARS, <\/li>\n<\/ul>\n\n\n\n<ul class=\"wp-block-list\">\n<li>Sant\u00e9 et environnement, <\/li>\n<\/ul>\n\n\n\n<ul class=\"wp-block-list\">\n<li>Acc\u00e8s aux soins, <\/li>\n<\/ul>\n\n\n\n<ul class=\"wp-block-list\">\n<li>Pr\u00e9vention,<\/li>\n<\/ul>\n\n\n\n<ul class=\"wp-block-list\">\n<li> Soins non-programm\u00e9s,<\/li>\n<\/ul>\n\n\n\n<ul class=\"wp-block-list\">\n<li> &#8230;<\/li>\n<\/ul>\n\n\n\n<p>Le podcast est accessible <a href=\"https:\/\/www.souvenirsfm.fr\/podcasts\/le-12-13-l-agence-regionale-de-sante-jeudi-22-fevrier-2024-1910\">ici<\/a>.<\/p>\n","protected":false},"excerpt":{"rendered":"<p>Interview d&#8217;Eric Jalran, directeur de la d\u00e9l\u00e9gation d\u00e9partementale des Landes de l&#8217;ARS Nouvelle-Aquitaine, invit\u00e9 de la radio Souvenirs FM le<\/p>\n","protected":false},"author":786,"featured_media":0,"comment_status":"closed","ping_status":"closed","sticky":false,"template":"","format":"standard","meta":{"_bbp_topic_count":0,"_bbp_reply_count":0,"_bbp_total_topic_count":0,"_bbp_total_reply_count":0,"_bbp_voice_count":0,"_bbp_anonymous_reply_count":0,"_bbp_topic_count_hidden":0,"_bbp_reply_count_hidden":0,"_bbp_forum_subforum_count":0,"footnotes":""},"categories":[25,16],"tags":[190,145,306,187],"class_list":["post-5770","post","type-post","status-publish","format-standard","hentry","category-ressources-stms","category-stms","tag-ars","tag-environnement","tag-missions","tag-sante"],"_links":{"self":[{"href":"https:\/\/ent2d.ac-bordeaux.fr\/disciplines\/biotechnologies-sante-social\/wp-json\/wp\/v2\/posts\/5770","targetHints":{"allow":["GET"]}}],"collection":[{"href":"https:\/\/ent2d.ac-bordeaux.fr\/disciplines\/biotechnologies-sante-social\/wp-json\/wp\/v2\/posts"}],"about":[{"href":"https:\/\/ent2d.ac-bordeaux.fr\/disciplines\/biotechnologies-sante-social\/wp-json\/wp\/v2\/types\/post"}],"author":[{"embeddable":true,"href":"https:\/\/ent2d.ac-bordeaux.fr\/disciplines\/biotechnologies-sante-social\/wp-json\/wp\/v2\/users\/786"}],"replies":[{"embeddable":true,"href":"https:\/\/ent2d.ac-bordeaux.fr\/disciplines\/biotechnologies-sante-social\/wp-json\/wp\/v2\/comments?post=5770"}],"version-history":[{"count":2,"href":"https:\/\/ent2d.ac-bordeaux.fr\/disciplines\/biotechnologies-sante-social\/wp-json\/wp\/v2\/posts\/5770\/revisions"}],"predecessor-version":[{"id":5773,"href":"https:\/\/ent2d.ac-bordeaux.fr\/disciplines\/biotechnologies-sante-social\/wp-json\/wp\/v2\/posts\/5770\/revisions\/5773"}],"wp:attachment":[{"href":"https:\/\/ent2d.ac-bordeaux.fr\/disciplines\/biotechnologies-sante-social\/wp-json\/wp\/v2\/media?parent=5770"}],"wp:term":[{"taxonomy":"category","embeddable":true,"href":"https:\/\/ent2d.ac-bordeaux.fr\/disciplines\/biotechnologies-sante-social\/wp-json\/wp\/v2\/categories?post=5770"},{"taxonomy":"post_tag","embeddable":true,"href":"https:\/\/ent2d.ac-bordeaux.fr\/disciplines\/biotechnologies-sante-social\/wp-json\/wp\/v2\/tags?post=5770"}],"curies":[{"name":"wp","href":"https:\/\/api.w.org\/{rel}","templated":true}]}}