{"id":5651,"date":"2024-01-23T15:11:00","date_gmt":"2024-01-23T14:11:00","guid":{"rendered":"https:\/\/ent2d.ac-bordeaux.fr\/disciplines\/biotechnologies-sante-social\/?p=5651"},"modified":"2024-01-23T15:11:01","modified_gmt":"2024-01-23T14:11:01","slug":"130-000-seniors-neo-aquitains-vivant-a-domicile-en-perte-dautonomie","status":"publish","type":"post","link":"https:\/\/ent2d.ac-bordeaux.fr\/disciplines\/biotechnologies-sante-social\/2024\/01\/23\/130-000-seniors-neo-aquitains-vivant-a-domicile-en-perte-dautonomie\/","title":{"rendered":"130\u00a0000\u00a0seniors N\u00e9o-Aquitains vivant \u00e0 domicile\u00a0en perte d&#8217;autonomie"},"content":{"rendered":"\n<p>&#8220;En 2021, 130&nbsp;000&nbsp;N\u00e9o-Aquitains de 60&nbsp;ans ou plus vivant \u00e0 domicile sont en perte d&#8217;autonomie, soit 7,2&nbsp;% des seniors. Cette part augmente rapidement avec l\u2019\u00e2ge. Les personnes de 85&nbsp;ans ou plus sont ainsi 10&nbsp;fois plus touch\u00e9es que les 60-74&nbsp;ans. Un senior \u00e0 domicile sur quatre d\u00e9clare au moins une limitation fonctionnelle, le plus souvent due \u00e0 des probl\u00e8mes physiques. Les seniors en perte d\u2019autonomie vivant \u00e0 domicile b\u00e9n\u00e9ficient quasiment tous d\u2019une aide de leur entourage, de professionnels de sant\u00e9 ou d\u2019am\u00e9nagements et appareillages sp\u00e9cifiques.&#8221;<\/p>\n\n\n\n<p><\/p>\n\n\n\n<p>Infographie, \u00e9tude et documentation de l&#8217;<strong>Insee flash Nouvelle-Aquitaine<\/strong>, N\u00b0 106 paru le  12\/12\/2023 accessible <a href=\"https:\/\/www.insee.fr\/fr\/statistiques\/7728215#onglet-3\">ici.<\/a><\/p>\n","protected":false},"excerpt":{"rendered":"<p>&#8220;En 2021, 130&nbsp;000&nbsp;N\u00e9o-Aquitains de 60&nbsp;ans ou plus vivant \u00e0 domicile sont en perte d&#8217;autonomie, soit 7,2&nbsp;% des seniors. Cette part<\/p>\n","protected":false},"author":786,"featured_media":0,"comment_status":"closed","ping_status":"closed","sticky":false,"template":"","format":"standard","meta":{"_bbp_topic_count":0,"_bbp_reply_count":0,"_bbp_total_topic_count":0,"_bbp_total_reply_count":0,"_bbp_voice_count":0,"_bbp_anonymous_reply_count":0,"_bbp_topic_count_hidden":0,"_bbp_reply_count_hidden":0,"_bbp_forum_subforum_count":0,"footnotes":""},"categories":[30,16],"tags":[272,174],"class_list":["post-5651","post","type-post","status-publish","format-standard","hentry","category-actualites-stms","category-stms","tag-autonomie","tag-personnes-agees"],"_links":{"self":[{"href":"https:\/\/ent2d.ac-bordeaux.fr\/disciplines\/biotechnologies-sante-social\/wp-json\/wp\/v2\/posts\/5651","targetHints":{"allow":["GET"]}}],"collection":[{"href":"https:\/\/ent2d.ac-bordeaux.fr\/disciplines\/biotechnologies-sante-social\/wp-json\/wp\/v2\/posts"}],"about":[{"href":"https:\/\/ent2d.ac-bordeaux.fr\/disciplines\/biotechnologies-sante-social\/wp-json\/wp\/v2\/types\/post"}],"author":[{"embeddable":true,"href":"https:\/\/ent2d.ac-bordeaux.fr\/disciplines\/biotechnologies-sante-social\/wp-json\/wp\/v2\/users\/786"}],"replies":[{"embeddable":true,"href":"https:\/\/ent2d.ac-bordeaux.fr\/disciplines\/biotechnologies-sante-social\/wp-json\/wp\/v2\/comments?post=5651"}],"version-history":[{"count":4,"href":"https:\/\/ent2d.ac-bordeaux.fr\/disciplines\/biotechnologies-sante-social\/wp-json\/wp\/v2\/posts\/5651\/revisions"}],"predecessor-version":[{"id":5657,"href":"https:\/\/ent2d.ac-bordeaux.fr\/disciplines\/biotechnologies-sante-social\/wp-json\/wp\/v2\/posts\/5651\/revisions\/5657"}],"wp:attachment":[{"href":"https:\/\/ent2d.ac-bordeaux.fr\/disciplines\/biotechnologies-sante-social\/wp-json\/wp\/v2\/media?parent=5651"}],"wp:term":[{"taxonomy":"category","embeddable":true,"href":"https:\/\/ent2d.ac-bordeaux.fr\/disciplines\/biotechnologies-sante-social\/wp-json\/wp\/v2\/categories?post=5651"},{"taxonomy":"post_tag","embeddable":true,"href":"https:\/\/ent2d.ac-bordeaux.fr\/disciplines\/biotechnologies-sante-social\/wp-json\/wp\/v2\/tags?post=5651"}],"curies":[{"name":"wp","href":"https:\/\/api.w.org\/{rel}","templated":true}]}}