{"id":5082,"date":"2023-11-22T08:24:38","date_gmt":"2023-11-22T07:24:38","guid":{"rendered":"https:\/\/ent2d.ac-bordeaux.fr\/disciplines\/biotechnologies-sante-social\/?p=5082"},"modified":"2023-11-24T09:47:45","modified_gmt":"2023-11-24T08:47:45","slug":"face-au-black-friday-lagence-de-la-transition-ecologique-ademe-devoile-ses-devendeurs","status":"publish","type":"post","link":"https:\/\/ent2d.ac-bordeaux.fr\/disciplines\/biotechnologies-sante-social\/2023\/11\/22\/face-au-black-friday-lagence-de-la-transition-ecologique-ademe-devoile-ses-devendeurs\/","title":{"rendered":"Face au Black Friday, l\u2019Agence de la Transition Ecologique (ADEME), d\u00e9voile ses \u00ab\u00a0d\u00e9vendeurs\u00a0\u00bb"},"content":{"rendered":"\n<p>Alors que la fr\u00e9n\u00e9sie de la consommation atteindra son apog\u00e9e le vendredi 24 novembre prochain avec le Black Friday, une campagne gouvernementale audacieuse prend position en faveur de la r\u00e9paration et de la r\u00e9utilisation, plut\u00f4t que de promouvoir l&#8217;achat impulsif de produits neufs. La vid\u00e9o de la nouvelle campagne de l&#8217;Agence de la Transition \u00c9cologique est accessible <a href=\"https:\/\/www.youtube.com\/watch?v=AUJLlpKr8lI\">ici<\/a>.<\/p>\n\n\n\n<figure class=\"wp-block-image aligncenter size-full is-resized\"><img loading=\"lazy\" decoding=\"async\" src=\"https:\/\/ent2d.ac-bordeaux.fr\/disciplines\/biotechnologies-sante-social\/wp-content\/uploads\/sites\/66\/2023\/11\/devendeurs.jpg\" alt=\"\" class=\"wp-image-5083\" width=\"429\" height=\"214\" srcset=\"https:\/\/ent2d.ac-bordeaux.fr\/disciplines\/biotechnologies-sante-social\/wp-content\/uploads\/sites\/66\/2023\/11\/devendeurs.jpg 809w, https:\/\/ent2d.ac-bordeaux.fr\/disciplines\/biotechnologies-sante-social\/wp-content\/uploads\/sites\/66\/2023\/11\/devendeurs-300x150.jpg 300w, https:\/\/ent2d.ac-bordeaux.fr\/disciplines\/biotechnologies-sante-social\/wp-content\/uploads\/sites\/66\/2023\/11\/devendeurs-768x384.jpg 768w\" sizes=\"auto, (max-width: 429px) 100vw, 429px\" \/><\/figure>\n\n\n\n<p>Cette initiative, lanc\u00e9e en anticipation du Black Friday, pr\u00e9sente des &#8220;d\u00e9vendeurs&#8221; dans un sc\u00e9nario surprenant, encourageant les consommateurs \u00e0 penser diff\u00e9remment lors de leurs choix d&#8217;achat. Le message central de la campagne, d\u00e9livr\u00e9 par le gouvernement et l&#8217;Agence de la Transition \u00c9cologique (ADEME), est clair : acheter, c&#8217;est une option, mais r\u00e9parer, c&#8217;est encore mieux.<\/p>\n\n\n\n<p>Les spots de l&#8217;ADEME placent des clients dans des d\u00e9cors de magasins d&#8217;\u00e9lectrom\u00e9nager, de produits high-tech ou de v\u00eatements. Dans ces situations de choix entre deux produits neufs, les clients se tournent vers les vendeurs pour des conseils. C&#8217;est \u00e0 ce moment-l\u00e0 que la r\u00e9v\u00e9lation intervient : les vendeurs sont en r\u00e9alit\u00e9 des &#8220;d\u00e9vendeurs&#8221;. Leur conseil est surprenant &#8211; au lieu d&#8217;opter pour l&#8217;achat impulsif, ils sugg\u00e8rent de conserver le polo actuel, de faire r\u00e9parer le lave-linge existant ou m\u00eame de louer une ponceuse.<\/p>\n\n\n\n<p>Le message puissant est encapsul\u00e9 dans une phrase \u00e9loquente : &#8220;<strong>Puisque les d\u00e9vendeurs n&#8217;existent pas, posons-nous les bonnes questions avant d&#8217;acheter.&#8221;<\/strong> Cette incitation \u00e0 la r\u00e9flexion encourage les consommateurs \u00e0 envisager des alternatives durables avant de c\u00e9der \u00e0 la tentation de l&#8217;achat imm\u00e9diat.<\/p>\n\n\n\n<p><strong>Article r\u00e9dig\u00e9 par Ana\u00eblle GUIMONT \u2013 Professeur de Biotechnologies<\/strong><\/p>\n","protected":false},"excerpt":{"rendered":"<p>Alors que la fr\u00e9n\u00e9sie de la consommation atteindra son apog\u00e9e le vendredi 24 novembre prochain avec le Black Friday, une<\/p>\n","protected":false},"author":786,"featured_media":5295,"comment_status":"closed","ping_status":"closed","sticky":false,"template":"","format":"standard","meta":{"_bbp_topic_count":0,"_bbp_reply_count":0,"_bbp_total_topic_count":0,"_bbp_total_reply_count":0,"_bbp_voice_count":0,"_bbp_anonymous_reply_count":0,"_bbp_topic_count_hidden":0,"_bbp_reply_count_hidden":0,"_bbp_forum_subforum_count":0,"footnotes":""},"categories":[166],"tags":[145,150,149],"class_list":["post-5082","post","type-post","status-publish","format-standard","has-post-thumbnail","hentry","category-bse","tag-environnement","tag-reparation","tag-reutilisation"],"_links":{"self":[{"href":"https:\/\/ent2d.ac-bordeaux.fr\/disciplines\/biotechnologies-sante-social\/wp-json\/wp\/v2\/posts\/5082","targetHints":{"allow":["GET"]}}],"collection":[{"href":"https:\/\/ent2d.ac-bordeaux.fr\/disciplines\/biotechnologies-sante-social\/wp-json\/wp\/v2\/posts"}],"about":[{"href":"https:\/\/ent2d.ac-bordeaux.fr\/disciplines\/biotechnologies-sante-social\/wp-json\/wp\/v2\/types\/post"}],"author":[{"embeddable":true,"href":"https:\/\/ent2d.ac-bordeaux.fr\/disciplines\/biotechnologies-sante-social\/wp-json\/wp\/v2\/users\/786"}],"replies":[{"embeddable":true,"href":"https:\/\/ent2d.ac-bordeaux.fr\/disciplines\/biotechnologies-sante-social\/wp-json\/wp\/v2\/comments?post=5082"}],"version-history":[{"count":1,"href":"https:\/\/ent2d.ac-bordeaux.fr\/disciplines\/biotechnologies-sante-social\/wp-json\/wp\/v2\/posts\/5082\/revisions"}],"predecessor-version":[{"id":5084,"href":"https:\/\/ent2d.ac-bordeaux.fr\/disciplines\/biotechnologies-sante-social\/wp-json\/wp\/v2\/posts\/5082\/revisions\/5084"}],"wp:featuredmedia":[{"embeddable":true,"href":"https:\/\/ent2d.ac-bordeaux.fr\/disciplines\/biotechnologies-sante-social\/wp-json\/wp\/v2\/media\/5295"}],"wp:attachment":[{"href":"https:\/\/ent2d.ac-bordeaux.fr\/disciplines\/biotechnologies-sante-social\/wp-json\/wp\/v2\/media?parent=5082"}],"wp:term":[{"taxonomy":"category","embeddable":true,"href":"https:\/\/ent2d.ac-bordeaux.fr\/disciplines\/biotechnologies-sante-social\/wp-json\/wp\/v2\/categories?post=5082"},{"taxonomy":"post_tag","embeddable":true,"href":"https:\/\/ent2d.ac-bordeaux.fr\/disciplines\/biotechnologies-sante-social\/wp-json\/wp\/v2\/tags?post=5082"}],"curies":[{"name":"wp","href":"https:\/\/api.w.org\/{rel}","templated":true}]}}