{"id":4464,"date":"2023-07-13T11:30:05","date_gmt":"2023-07-13T09:30:05","guid":{"rendered":"https:\/\/ent2d.ac-bordeaux.fr\/disciplines\/biotechnologies-sante-social\/?p=4464"},"modified":"2023-11-07T16:19:16","modified_gmt":"2023-11-07T15:19:16","slug":"la-meilleure-bacheliere-stl-biotechnologies-des-landes-recompensee-du-prix-de-la-legion-dhonneur","status":"publish","type":"post","link":"https:\/\/ent2d.ac-bordeaux.fr\/disciplines\/biotechnologies-sante-social\/2023\/07\/13\/la-meilleure-bacheliere-stl-biotechnologies-des-landes-recompensee-du-prix-de-la-legion-dhonneur\/","title":{"rendered":"La meilleure bacheli\u00e8re &#8220;STL-Biotechnologies&#8221; des Landes r\u00e9compens\u00e9e du prix de la L\u00e9gion d&#8217;honneur"},"content":{"rendered":"\n<p>Ana\u00efs ROUSER\u00c9, du lyc\u00e9e de Borda \u00e0 Dax, a \u00e9t\u00e9 admise au bac STL Biotechnologies 2023 avec &#8220;mention tr\u00e8s bien&#8221; et obtient le meilleur r\u00e9sultat du d\u00e9partement des Landes.<\/p>\n\n\n\n<p>A cette occasion, Ana\u00efs, ses parents et ses professeurs ont \u00e9t\u00e9 convi\u00e9s par madame la Pr\u00e9f\u00e8te des Landes,  monsieur l&#8217;Inspecteur d&#8217;Acad\u00e9mie et monsieur le Pr\u00e9sident de la Soci\u00e9t\u00e9 des Membres de la L\u00e9gion d&#8217;Honneur \u00e0 la c\u00e9r\u00e9monie de remise des prix le jeudi 6 juillet 2023 dans les salons de la Pr\u00e9fecture des Landes, \u00e0 Mont de Marsan.<\/p>\n","protected":false},"excerpt":{"rendered":"<p>Ana\u00efs ROUSER\u00c9, du lyc\u00e9e de Borda \u00e0 Dax, a \u00e9t\u00e9 admise au bac STL Biotechnologies 2023 avec &#8220;mention tr\u00e8s bien&#8221;<\/p>\n","protected":false},"author":1774,"featured_media":0,"comment_status":"open","ping_status":"closed","sticky":false,"template":"","format":"standard","meta":{"_bbp_topic_count":0,"_bbp_reply_count":0,"_bbp_total_topic_count":0,"_bbp_total_reply_count":0,"_bbp_voice_count":0,"_bbp_anonymous_reply_count":0,"_bbp_topic_count_hidden":0,"_bbp_reply_count_hidden":0,"_bbp_forum_subforum_count":0,"footnotes":""},"categories":[36],"tags":[24,46,133,52,91],"class_list":["post-4464","post","type-post","status-publish","format-standard","hentry","category-actualites-biotechnologies","tag-biotechnologies","tag-lycee-borda","tag-prix-de-la-legion-dhonneur","tag-stl","tag-stl-biotechnologies"],"_links":{"self":[{"href":"https:\/\/ent2d.ac-bordeaux.fr\/disciplines\/biotechnologies-sante-social\/wp-json\/wp\/v2\/posts\/4464","targetHints":{"allow":["GET"]}}],"collection":[{"href":"https:\/\/ent2d.ac-bordeaux.fr\/disciplines\/biotechnologies-sante-social\/wp-json\/wp\/v2\/posts"}],"about":[{"href":"https:\/\/ent2d.ac-bordeaux.fr\/disciplines\/biotechnologies-sante-social\/wp-json\/wp\/v2\/types\/post"}],"author":[{"embeddable":true,"href":"https:\/\/ent2d.ac-bordeaux.fr\/disciplines\/biotechnologies-sante-social\/wp-json\/wp\/v2\/users\/1774"}],"replies":[{"embeddable":true,"href":"https:\/\/ent2d.ac-bordeaux.fr\/disciplines\/biotechnologies-sante-social\/wp-json\/wp\/v2\/comments?post=4464"}],"version-history":[{"count":2,"href":"https:\/\/ent2d.ac-bordeaux.fr\/disciplines\/biotechnologies-sante-social\/wp-json\/wp\/v2\/posts\/4464\/revisions"}],"predecessor-version":[{"id":4466,"href":"https:\/\/ent2d.ac-bordeaux.fr\/disciplines\/biotechnologies-sante-social\/wp-json\/wp\/v2\/posts\/4464\/revisions\/4466"}],"wp:attachment":[{"href":"https:\/\/ent2d.ac-bordeaux.fr\/disciplines\/biotechnologies-sante-social\/wp-json\/wp\/v2\/media?parent=4464"}],"wp:term":[{"taxonomy":"category","embeddable":true,"href":"https:\/\/ent2d.ac-bordeaux.fr\/disciplines\/biotechnologies-sante-social\/wp-json\/wp\/v2\/categories?post=4464"},{"taxonomy":"post_tag","embeddable":true,"href":"https:\/\/ent2d.ac-bordeaux.fr\/disciplines\/biotechnologies-sante-social\/wp-json\/wp\/v2\/tags?post=4464"}],"curies":[{"name":"wp","href":"https:\/\/api.w.org\/{rel}","templated":true}]}}