{"id":3318,"date":"2021-05-25T16:18:34","date_gmt":"2021-05-25T14:18:34","guid":{"rendered":"https:\/\/ent2d.ac-bordeaux.fr\/disciplines\/biotechnologies-sante-social\/?p=3318"},"modified":"2023-11-14T11:45:27","modified_gmt":"2023-11-14T10:45:27","slug":"les-retraites-et-les-retraites-edition-2021","status":"publish","type":"post","link":"https:\/\/ent2d.ac-bordeaux.fr\/disciplines\/biotechnologies-sante-social\/2021\/05\/25\/les-retraites-et-les-retraites-edition-2021\/","title":{"rendered":"Les retrait\u00e9s et les retraites &#8211; \u00e9dition 2021"},"content":{"rendered":"\n<p>L\u2019\u00e9dition 2021 de l\u2019ouvrage Les retrait\u00e9s et les retraites pr\u00e9sente un tableau d\u00e9taill\u00e9 des retrait\u00e9s et du syst\u00e8me de retraite fran\u00e7ais pour l\u2019ann\u00e9e 2019 et les ann\u00e9es pr\u00e9c\u00e9dentes.<\/p>\n\n\n\n<p>Fin 2019, les r\u00e9gimes de retraite fran\u00e7ais comptent 16,7 millions de retrait\u00e9s percevant une pension de droit direct, soit une hausse de 300 000 personnes par rapport \u00e0 fin 2018. L\u2019\u00e2ge moyen conjoncturel de d\u00e9part \u00e0 la retraite fin 2019 s\u2019\u00e9l\u00e8ve \u00e0 62 ans et 2 mois. La pension moyenne tous r\u00e9gimes confondus s\u2019\u00e9tablit, \u00e0 cette date, \u00e0 1 503 euros bruts mensuels parmi les retrait\u00e9s r\u00e9sidant en France. Elle diminue de 1,1 % en euros constants, du fait notamment d\u2019une revalorisation des pensions inf\u00e9rieure \u00e0 l\u2019inflation. Le niveau de vie m\u00e9dian des retrait\u00e9s demeure sup\u00e9rieur \u00e0 celui de l\u2019ensemble la population.<\/p>\n\n\n\n<p>D\u2019autres analyses sont \u00e9galement propos\u00e9es, qui permettent d\u2019appr\u00e9cier la place du minimum vieillesse, de la retraite suppl\u00e9mentaire, des sorties d\u2019activit\u00e9 et notamment des passages par l\u2019invalidit\u00e9, ou encore de prendre connaissance des opinions, souhaits et motivations des retrait\u00e9s.<\/p>\n\n\n\n<p>Enfin, cette \u00e9dition tient compte des principales modifications l\u00e9gislatives ou r\u00e9glementaires de l\u2019ann\u00e9e 2019, portant notamment sur le taux de la CSG ou l\u2019introduction de modulations temporaires des pensions au r\u00e9gime compl\u00e9mentaire des salari\u00e9s Agirc-Arrco.<\/p>\n\n\n\n<p>A consulter <a href=\"https:\/\/drees.solidarites-sante.gouv.fr\/documents-de-reference\/panoramas-de-la-drees\/les-retraites-et-les-retraites-edition-2021\">ici<\/a>.<\/p>\n","protected":false},"excerpt":{"rendered":"<p>L\u2019\u00e9dition 2021 de l\u2019ouvrage Les retrait\u00e9s et les retraites pr\u00e9sente un tableau d\u00e9taill\u00e9 des retrait\u00e9s et du syst\u00e8me de retraite<\/p>\n","protected":false},"author":786,"featured_media":3304,"comment_status":"closed","ping_status":"closed","sticky":false,"template":"","format":"standard","meta":{"_bbp_topic_count":0,"_bbp_reply_count":0,"_bbp_total_topic_count":0,"_bbp_total_reply_count":0,"_bbp_voice_count":0,"_bbp_anonymous_reply_count":0,"_bbp_topic_count_hidden":0,"_bbp_reply_count_hidden":0,"_bbp_forum_subforum_count":0,"footnotes":""},"categories":[16],"tags":[],"class_list":["post-3318","post","type-post","status-publish","format-standard","has-post-thumbnail","hentry","category-stms"],"_links":{"self":[{"href":"https:\/\/ent2d.ac-bordeaux.fr\/disciplines\/biotechnologies-sante-social\/wp-json\/wp\/v2\/posts\/3318","targetHints":{"allow":["GET"]}}],"collection":[{"href":"https:\/\/ent2d.ac-bordeaux.fr\/disciplines\/biotechnologies-sante-social\/wp-json\/wp\/v2\/posts"}],"about":[{"href":"https:\/\/ent2d.ac-bordeaux.fr\/disciplines\/biotechnologies-sante-social\/wp-json\/wp\/v2\/types\/post"}],"author":[{"embeddable":true,"href":"https:\/\/ent2d.ac-bordeaux.fr\/disciplines\/biotechnologies-sante-social\/wp-json\/wp\/v2\/users\/786"}],"replies":[{"embeddable":true,"href":"https:\/\/ent2d.ac-bordeaux.fr\/disciplines\/biotechnologies-sante-social\/wp-json\/wp\/v2\/comments?post=3318"}],"version-history":[{"count":1,"href":"https:\/\/ent2d.ac-bordeaux.fr\/disciplines\/biotechnologies-sante-social\/wp-json\/wp\/v2\/posts\/3318\/revisions"}],"predecessor-version":[{"id":3319,"href":"https:\/\/ent2d.ac-bordeaux.fr\/disciplines\/biotechnologies-sante-social\/wp-json\/wp\/v2\/posts\/3318\/revisions\/3319"}],"wp:featuredmedia":[{"embeddable":true,"href":"https:\/\/ent2d.ac-bordeaux.fr\/disciplines\/biotechnologies-sante-social\/wp-json\/wp\/v2\/media\/3304"}],"wp:attachment":[{"href":"https:\/\/ent2d.ac-bordeaux.fr\/disciplines\/biotechnologies-sante-social\/wp-json\/wp\/v2\/media?parent=3318"}],"wp:term":[{"taxonomy":"category","embeddable":true,"href":"https:\/\/ent2d.ac-bordeaux.fr\/disciplines\/biotechnologies-sante-social\/wp-json\/wp\/v2\/categories?post=3318"},{"taxonomy":"post_tag","embeddable":true,"href":"https:\/\/ent2d.ac-bordeaux.fr\/disciplines\/biotechnologies-sante-social\/wp-json\/wp\/v2\/tags?post=3318"}],"curies":[{"name":"wp","href":"https:\/\/api.w.org\/{rel}","templated":true}]}}