{"id":3041,"date":"2021-02-07T19:01:03","date_gmt":"2021-02-07T18:01:03","guid":{"rendered":"https:\/\/ent2d.ac-bordeaux.fr\/disciplines\/biotechnologies-sante-social\/?p=3041"},"modified":"2021-02-07T19:01:03","modified_gmt":"2021-02-07T18:01:03","slug":"les-chiffres-cles-du-handicap-dans-les-12-departements-de-nouvelle-aquitaine","status":"publish","type":"post","link":"https:\/\/ent2d.ac-bordeaux.fr\/disciplines\/biotechnologies-sante-social\/2021\/02\/07\/les-chiffres-cles-du-handicap-dans-les-12-departements-de-nouvelle-aquitaine\/","title":{"rendered":"Les Chiffres-cl\u00e9s du handicap dans les 12 d\u00e9partements de Nouvelle-Aquitaine"},"content":{"rendered":"\n<p>Cette premi\u00e8re \u00e9dition des <a href=\"https:\/\/creai-nouvelleaquitaine.org\/observatoire-etudes\/etudes\/les-chiffres-cles-du-handicap-dans-les-12-departements-de-nouvelle-aquitaine\/\">Chiffres-cl\u00e9s du handicap en Nouvelle-Aquitaine<\/a> met \u00e0 la disposition des acteurs et des d\u00e9cideurs du secteur m\u00e9dico-social, les donn\u00e9es disponibles en 2020 autour de plusieurs indicateurs relatifs au handicap.<\/p>\n","protected":false},"excerpt":{"rendered":"<p>Cette premi\u00e8re \u00e9dition des Chiffres-cl\u00e9s du handicap en Nouvelle-Aquitaine met \u00e0 la disposition des acteurs et des d\u00e9cideurs du secteur<\/p>\n","protected":false},"author":786,"featured_media":0,"comment_status":"closed","ping_status":"closed","sticky":false,"template":"","format":"standard","meta":{"_bbp_topic_count":0,"_bbp_reply_count":0,"_bbp_total_topic_count":0,"_bbp_total_reply_count":0,"_bbp_voice_count":0,"_bbp_anonymous_reply_count":0,"_bbp_topic_count_hidden":0,"_bbp_reply_count_hidden":0,"_bbp_forum_subforum_count":0,"footnotes":""},"categories":[25,16],"tags":[],"class_list":["post-3041","post","type-post","status-publish","format-standard","hentry","category-ressources-stms","category-stms"],"_links":{"self":[{"href":"https:\/\/ent2d.ac-bordeaux.fr\/disciplines\/biotechnologies-sante-social\/wp-json\/wp\/v2\/posts\/3041","targetHints":{"allow":["GET"]}}],"collection":[{"href":"https:\/\/ent2d.ac-bordeaux.fr\/disciplines\/biotechnologies-sante-social\/wp-json\/wp\/v2\/posts"}],"about":[{"href":"https:\/\/ent2d.ac-bordeaux.fr\/disciplines\/biotechnologies-sante-social\/wp-json\/wp\/v2\/types\/post"}],"author":[{"embeddable":true,"href":"https:\/\/ent2d.ac-bordeaux.fr\/disciplines\/biotechnologies-sante-social\/wp-json\/wp\/v2\/users\/786"}],"replies":[{"embeddable":true,"href":"https:\/\/ent2d.ac-bordeaux.fr\/disciplines\/biotechnologies-sante-social\/wp-json\/wp\/v2\/comments?post=3041"}],"version-history":[{"count":1,"href":"https:\/\/ent2d.ac-bordeaux.fr\/disciplines\/biotechnologies-sante-social\/wp-json\/wp\/v2\/posts\/3041\/revisions"}],"predecessor-version":[{"id":3042,"href":"https:\/\/ent2d.ac-bordeaux.fr\/disciplines\/biotechnologies-sante-social\/wp-json\/wp\/v2\/posts\/3041\/revisions\/3042"}],"wp:attachment":[{"href":"https:\/\/ent2d.ac-bordeaux.fr\/disciplines\/biotechnologies-sante-social\/wp-json\/wp\/v2\/media?parent=3041"}],"wp:term":[{"taxonomy":"category","embeddable":true,"href":"https:\/\/ent2d.ac-bordeaux.fr\/disciplines\/biotechnologies-sante-social\/wp-json\/wp\/v2\/categories?post=3041"},{"taxonomy":"post_tag","embeddable":true,"href":"https:\/\/ent2d.ac-bordeaux.fr\/disciplines\/biotechnologies-sante-social\/wp-json\/wp\/v2\/tags?post=3041"}],"curies":[{"name":"wp","href":"https:\/\/api.w.org\/{rel}","templated":true}]}}