{"id":2554,"date":"2020-12-07T19:14:29","date_gmt":"2020-12-07T18:14:29","guid":{"rendered":"https:\/\/ent2d.ac-bordeaux.fr\/disciplines\/biotechnologies-sante-social\/?p=2554"},"modified":"2023-11-22T09:44:29","modified_gmt":"2023-11-22T08:44:29","slug":"travaux-academiques-mutualises-traam-la-synthese-2020-biotechnologies-stms","status":"publish","type":"post","link":"https:\/\/ent2d.ac-bordeaux.fr\/disciplines\/biotechnologies-sante-social\/2020\/12\/07\/travaux-academiques-mutualises-traam-la-synthese-2020-biotechnologies-stms\/","title":{"rendered":"Travaux acad\u00e9miques mutualis\u00e9s (TRAAM) &#8211; La synth\u00e8se 2020 Biotechnologies &#8211; STMS"},"content":{"rendered":"\n<p>Parution de la<a href=\"https:\/\/view.genial.ly\/5ebe536f4a81770d9df4d5db\/interactive-content-biotec-synthese-disciplinaire-2020\"> synth\u00e8se de la campagne 2019-2020 des sc\u00e9narios p\u00e9dagogiques pour les \u00e9l\u00e8ves d&#8217;ASSP, de STL, ST2S et de BTS.<\/a> <\/p>\n","protected":false},"excerpt":{"rendered":"<p>Parution de la synth\u00e8se de la campagne 2019-2020 des sc\u00e9narios p\u00e9dagogiques pour les \u00e9l\u00e8ves d&#8217;ASSP, de STL, ST2S et de<\/p>\n","protected":false},"author":786,"featured_media":2568,"comment_status":"open","ping_status":"closed","sticky":false,"template":"","format":"standard","meta":{"_bbp_topic_count":0,"_bbp_reply_count":0,"_bbp_total_topic_count":0,"_bbp_total_reply_count":0,"_bbp_voice_count":0,"_bbp_anonymous_reply_count":0,"_bbp_topic_count_hidden":0,"_bbp_reply_count_hidden":0,"_bbp_forum_subforum_count":0,"footnotes":""},"categories":[35,16],"tags":[],"class_list":["post-2554","post","type-post","status-publish","format-standard","has-post-thumbnail","hentry","category-bbb","category-stms"],"_links":{"self":[{"href":"https:\/\/ent2d.ac-bordeaux.fr\/disciplines\/biotechnologies-sante-social\/wp-json\/wp\/v2\/posts\/2554","targetHints":{"allow":["GET"]}}],"collection":[{"href":"https:\/\/ent2d.ac-bordeaux.fr\/disciplines\/biotechnologies-sante-social\/wp-json\/wp\/v2\/posts"}],"about":[{"href":"https:\/\/ent2d.ac-bordeaux.fr\/disciplines\/biotechnologies-sante-social\/wp-json\/wp\/v2\/types\/post"}],"author":[{"embeddable":true,"href":"https:\/\/ent2d.ac-bordeaux.fr\/disciplines\/biotechnologies-sante-social\/wp-json\/wp\/v2\/users\/786"}],"replies":[{"embeddable":true,"href":"https:\/\/ent2d.ac-bordeaux.fr\/disciplines\/biotechnologies-sante-social\/wp-json\/wp\/v2\/comments?post=2554"}],"version-history":[{"count":7,"href":"https:\/\/ent2d.ac-bordeaux.fr\/disciplines\/biotechnologies-sante-social\/wp-json\/wp\/v2\/posts\/2554\/revisions"}],"predecessor-version":[{"id":2561,"href":"https:\/\/ent2d.ac-bordeaux.fr\/disciplines\/biotechnologies-sante-social\/wp-json\/wp\/v2\/posts\/2554\/revisions\/2561"}],"wp:featuredmedia":[{"embeddable":true,"href":"https:\/\/ent2d.ac-bordeaux.fr\/disciplines\/biotechnologies-sante-social\/wp-json\/wp\/v2\/media\/2568"}],"wp:attachment":[{"href":"https:\/\/ent2d.ac-bordeaux.fr\/disciplines\/biotechnologies-sante-social\/wp-json\/wp\/v2\/media?parent=2554"}],"wp:term":[{"taxonomy":"category","embeddable":true,"href":"https:\/\/ent2d.ac-bordeaux.fr\/disciplines\/biotechnologies-sante-social\/wp-json\/wp\/v2\/categories?post=2554"},{"taxonomy":"post_tag","embeddable":true,"href":"https:\/\/ent2d.ac-bordeaux.fr\/disciplines\/biotechnologies-sante-social\/wp-json\/wp\/v2\/tags?post=2554"}],"curies":[{"name":"wp","href":"https:\/\/api.w.org\/{rel}","templated":true}]}}