{"id":2385,"date":"2020-10-12T15:26:03","date_gmt":"2020-10-12T13:26:03","guid":{"rendered":"https:\/\/ent2d.ac-bordeaux.fr\/disciplines\/biotechnologies-sante-social\/?p=2385"},"modified":"2020-12-07T17:39:43","modified_gmt":"2020-12-07T16:39:43","slug":"la-lutte-contre-la-pauvrete-au-temps-du-coronavirus","status":"publish","type":"post","link":"https:\/\/ent2d.ac-bordeaux.fr\/disciplines\/biotechnologies-sante-social\/2020\/10\/12\/la-lutte-contre-la-pauvrete-au-temps-du-coronavirus\/","title":{"rendered":"La lutte contre la pauvret\u00e9 au temps du coronavirus"},"content":{"rendered":"\n<p>Le comit\u00e9 d\u2019\u00e9valuation de la strat\u00e9gie nationale de pr\u00e9vention et de lutte contre la pauvret\u00e9 publie une note d\u2019\u00e9tape sur la crise du coronavirus. Pr\u00e9sid\u00e9 par Louis Schweitzer et pilot\u00e9 par France Strat\u00e9gie, le comit\u00e9 revient sur les effets de la crise \u00e9conomique et sociale actuelle sur la situation des plus pr\u00e9caires et sur la pauvret\u00e9, et \u00e9voque des points de vigilance quant \u00e0 la mani\u00e8re d\u2019y r\u00e9pondre. Il s\u2019est appuy\u00e9 sur les auditions r\u00e9alis\u00e9es depuis le d\u00e9but de la crise du coronavirus et a Il a \u00e9galement consult\u00e9 le coll\u00e8ge compos\u00e9 de personnes en situation de pr\u00e9carit\u00e9 ou de pauvret\u00e9 du CNLE et le panel citoyen.<\/p>\n\n\n\n<p>Note d&#8217;\u00e9tape La lutte contre la pauvret\u00e9 du temps du coronavirus<\/p>\n","protected":false},"excerpt":{"rendered":"<p>Le comit\u00e9 d\u2019\u00e9valuation de la strat\u00e9gie nationale de pr\u00e9vention et de lutte contre la pauvret\u00e9 publie une note d\u2019\u00e9tape sur<\/p>\n","protected":false},"author":786,"featured_media":0,"comment_status":"open","ping_status":"closed","sticky":false,"template":"","format":"standard","meta":{"_bbp_topic_count":0,"_bbp_reply_count":0,"_bbp_total_topic_count":0,"_bbp_total_reply_count":0,"_bbp_voice_count":0,"_bbp_anonymous_reply_count":0,"_bbp_topic_count_hidden":0,"_bbp_reply_count_hidden":0,"_bbp_forum_subforum_count":0,"footnotes":""},"categories":[25],"tags":[],"class_list":["post-2385","post","type-post","status-publish","format-standard","hentry","category-ressources-stms"],"_links":{"self":[{"href":"https:\/\/ent2d.ac-bordeaux.fr\/disciplines\/biotechnologies-sante-social\/wp-json\/wp\/v2\/posts\/2385","targetHints":{"allow":["GET"]}}],"collection":[{"href":"https:\/\/ent2d.ac-bordeaux.fr\/disciplines\/biotechnologies-sante-social\/wp-json\/wp\/v2\/posts"}],"about":[{"href":"https:\/\/ent2d.ac-bordeaux.fr\/disciplines\/biotechnologies-sante-social\/wp-json\/wp\/v2\/types\/post"}],"author":[{"embeddable":true,"href":"https:\/\/ent2d.ac-bordeaux.fr\/disciplines\/biotechnologies-sante-social\/wp-json\/wp\/v2\/users\/786"}],"replies":[{"embeddable":true,"href":"https:\/\/ent2d.ac-bordeaux.fr\/disciplines\/biotechnologies-sante-social\/wp-json\/wp\/v2\/comments?post=2385"}],"version-history":[{"count":4,"href":"https:\/\/ent2d.ac-bordeaux.fr\/disciplines\/biotechnologies-sante-social\/wp-json\/wp\/v2\/posts\/2385\/revisions"}],"predecessor-version":[{"id":2389,"href":"https:\/\/ent2d.ac-bordeaux.fr\/disciplines\/biotechnologies-sante-social\/wp-json\/wp\/v2\/posts\/2385\/revisions\/2389"}],"wp:attachment":[{"href":"https:\/\/ent2d.ac-bordeaux.fr\/disciplines\/biotechnologies-sante-social\/wp-json\/wp\/v2\/media?parent=2385"}],"wp:term":[{"taxonomy":"category","embeddable":true,"href":"https:\/\/ent2d.ac-bordeaux.fr\/disciplines\/biotechnologies-sante-social\/wp-json\/wp\/v2\/categories?post=2385"},{"taxonomy":"post_tag","embeddable":true,"href":"https:\/\/ent2d.ac-bordeaux.fr\/disciplines\/biotechnologies-sante-social\/wp-json\/wp\/v2\/tags?post=2385"}],"curies":[{"name":"wp","href":"https:\/\/api.w.org\/{rel}","templated":true}]}}