{"id":2348,"date":"2020-09-27T18:22:42","date_gmt":"2020-09-27T16:22:42","guid":{"rendered":"https:\/\/ent2d.ac-bordeaux.fr\/disciplines\/biotechnologies-sante-social\/?p=2348"},"modified":"2020-09-27T19:48:30","modified_gmt":"2020-09-27T17:48:30","slug":"en-2018-les-inegalites-de-niveau-de-vie-augmentent","status":"publish","type":"post","link":"https:\/\/ent2d.ac-bordeaux.fr\/disciplines\/biotechnologies-sante-social\/2020\/09\/27\/en-2018-les-inegalites-de-niveau-de-vie-augmentent\/","title":{"rendered":"En 2018, les in\u00e9galit\u00e9s de niveau de vie augmentent"},"content":{"rendered":"\n<p>&#8220;En 2018, en France m\u00e9tropolitaine, le niveau de vie m\u00e9dian de la population s\u2019\u00e9l\u00e8ve \u00e0 21&nbsp;250&nbsp;euros annuels, soit 0,3&nbsp;% de plus qu\u2019en 2017 en euros constants. Il poursuit sa lente progression depuis cinq ans, apr\u00e8s avoir diminu\u00e9 \u00e0 la suite de la crise \u00e9conomique de 2008.  [&#8230;] <br>Les niveaux de vie \u00e9voluent de fa\u00e7on contrast\u00e9e. Celui des m\u00e9nages les plus ais\u00e9s augmente nettement. Il b\u00e9n\u00e9ficie de la progression des revenus du patrimoine, li\u00e9e \u00e0 la forte hausse des dividendes dans un contexte de fiscalit\u00e9 plus incitative \u00e0 leur distribution plut\u00f4t qu\u2019\u00e0 leur capitalisation et d\u2019une hausse des revenus d\u2019activit\u00e9. Celui des m\u00e9nages les plus modestes se replie, principalement en raison d\u2019une baisse des allocations logement.&#8221;<\/p>\n\n\n\n<p><a href=\"https:\/\/www.insee.fr\/fr\/statistiques\/4659174\">INSEE PREMI\u00c8RE N<sup>o<\/sup>&nbsp;1813 Paru le&nbsp;:&nbsp;09\/09\/2020<\/a><\/p>\n\n\n\n<p><\/p>\n\n\n\n<p><\/p>\n","protected":false},"excerpt":{"rendered":"<p>&#8220;En 2018, en France m\u00e9tropolitaine, le niveau de vie m\u00e9dian de la population s\u2019\u00e9l\u00e8ve \u00e0 21&nbsp;250&nbsp;euros annuels, soit 0,3&nbsp;% de<\/p>\n","protected":false},"author":786,"featured_media":0,"comment_status":"open","ping_status":"closed","sticky":false,"template":"","format":"standard","meta":{"_bbp_topic_count":0,"_bbp_reply_count":0,"_bbp_total_topic_count":0,"_bbp_total_reply_count":0,"_bbp_voice_count":0,"_bbp_anonymous_reply_count":0,"_bbp_topic_count_hidden":0,"_bbp_reply_count_hidden":0,"_bbp_forum_subforum_count":0,"footnotes":""},"categories":[25],"tags":[],"class_list":["post-2348","post","type-post","status-publish","format-standard","hentry","category-ressources-stms"],"_links":{"self":[{"href":"https:\/\/ent2d.ac-bordeaux.fr\/disciplines\/biotechnologies-sante-social\/wp-json\/wp\/v2\/posts\/2348","targetHints":{"allow":["GET"]}}],"collection":[{"href":"https:\/\/ent2d.ac-bordeaux.fr\/disciplines\/biotechnologies-sante-social\/wp-json\/wp\/v2\/posts"}],"about":[{"href":"https:\/\/ent2d.ac-bordeaux.fr\/disciplines\/biotechnologies-sante-social\/wp-json\/wp\/v2\/types\/post"}],"author":[{"embeddable":true,"href":"https:\/\/ent2d.ac-bordeaux.fr\/disciplines\/biotechnologies-sante-social\/wp-json\/wp\/v2\/users\/786"}],"replies":[{"embeddable":true,"href":"https:\/\/ent2d.ac-bordeaux.fr\/disciplines\/biotechnologies-sante-social\/wp-json\/wp\/v2\/comments?post=2348"}],"version-history":[{"count":3,"href":"https:\/\/ent2d.ac-bordeaux.fr\/disciplines\/biotechnologies-sante-social\/wp-json\/wp\/v2\/posts\/2348\/revisions"}],"predecessor-version":[{"id":2372,"href":"https:\/\/ent2d.ac-bordeaux.fr\/disciplines\/biotechnologies-sante-social\/wp-json\/wp\/v2\/posts\/2348\/revisions\/2372"}],"wp:attachment":[{"href":"https:\/\/ent2d.ac-bordeaux.fr\/disciplines\/biotechnologies-sante-social\/wp-json\/wp\/v2\/media?parent=2348"}],"wp:term":[{"taxonomy":"category","embeddable":true,"href":"https:\/\/ent2d.ac-bordeaux.fr\/disciplines\/biotechnologies-sante-social\/wp-json\/wp\/v2\/categories?post=2348"},{"taxonomy":"post_tag","embeddable":true,"href":"https:\/\/ent2d.ac-bordeaux.fr\/disciplines\/biotechnologies-sante-social\/wp-json\/wp\/v2\/tags?post=2348"}],"curies":[{"name":"wp","href":"https:\/\/api.w.org\/{rel}","templated":true}]}}