{"id":1675,"date":"2019-05-30T23:02:01","date_gmt":"2019-05-30T21:02:01","guid":{"rendered":"https:\/\/ent2d.ac-bordeaux.fr\/disciplines\/biotechnologies-sante-social\/?p=1675"},"modified":"2019-06-15T18:51:21","modified_gmt":"2019-06-15T16:51:21","slug":"neuf-dimensions-de-la-pauvrete","status":"publish","type":"post","link":"https:\/\/ent2d.ac-bordeaux.fr\/disciplines\/biotechnologies-sante-social\/2019\/05\/30\/neuf-dimensions-de-la-pauvrete\/","title":{"rendered":"Neuf dimensions de la pauvret\u00e9"},"content":{"rendered":"<h4 style=\"text-align: justify\"><strong>Lutter efficacement contre la pauvret\u00e9, c\u2019est d\u2019abord la comprendre.<\/strong><\/h4>\n<p style=\"text-align: justify\">&#8220;S\u2019il est largement admis que la pauvret\u00e9 est multidimensionnelle, aujourd\u2019hui encore on tend \u00e0 la limiter \u00e0 ses aspects financiers quand il s\u2019agit de la mesurer, comme le fait par exemple la Banque mondiale qui fixe le seuil international de pauvret\u00e9 \u00e0 1,90 dollar par personne et par jour. Pourtant l\u2019enjeu est de taille : alors que la communaut\u00e9 internationale a adopt\u00e9 de nouveaux Objectifs pour un D\u00e9veloppement Durable (ODD) \u2013 dont le premier est d\u2019\u00e9radiquer la pauvret\u00e9 partout et sous toutes ses formes \u2013 la mani\u00e8re dont nous comprenons et mesurons la pauvret\u00e9 est plus que jamais essentielle.&#8221;<\/p>\n<p><iframe loading=\"lazy\" width=\"800\" height=\"450\" src=\"https:\/\/www.youtube.com\/embed\/WxAUMK9yMdA?feature=oembed\" frameborder=\"0\" allow=\"accelerometer; autoplay; encrypted-media; gyroscope; picture-in-picture\" allowfullscreen><\/iframe><\/p>\n<p>&nbsp;<\/p>\n","protected":false},"excerpt":{"rendered":"<p>Lutter efficacement contre la pauvret\u00e9, c\u2019est d\u2019abord la comprendre. &#8220;S\u2019il est largement admis que la pauvret\u00e9 est multidimensionnelle, aujourd\u2019hui encore<\/p>\n","protected":false},"author":786,"featured_media":0,"comment_status":"open","ping_status":"closed","sticky":false,"template":"","format":"standard","meta":{"_bbp_topic_count":0,"_bbp_reply_count":0,"_bbp_total_topic_count":0,"_bbp_total_reply_count":0,"_bbp_voice_count":0,"_bbp_anonymous_reply_count":0,"_bbp_topic_count_hidden":0,"_bbp_reply_count_hidden":0,"_bbp_forum_subforum_count":0,"footnotes":""},"categories":[30,25],"tags":[],"class_list":["post-1675","post","type-post","status-publish","format-standard","hentry","category-actualites-stms","category-ressources-stms"],"_links":{"self":[{"href":"https:\/\/ent2d.ac-bordeaux.fr\/disciplines\/biotechnologies-sante-social\/wp-json\/wp\/v2\/posts\/1675","targetHints":{"allow":["GET"]}}],"collection":[{"href":"https:\/\/ent2d.ac-bordeaux.fr\/disciplines\/biotechnologies-sante-social\/wp-json\/wp\/v2\/posts"}],"about":[{"href":"https:\/\/ent2d.ac-bordeaux.fr\/disciplines\/biotechnologies-sante-social\/wp-json\/wp\/v2\/types\/post"}],"author":[{"embeddable":true,"href":"https:\/\/ent2d.ac-bordeaux.fr\/disciplines\/biotechnologies-sante-social\/wp-json\/wp\/v2\/users\/786"}],"replies":[{"embeddable":true,"href":"https:\/\/ent2d.ac-bordeaux.fr\/disciplines\/biotechnologies-sante-social\/wp-json\/wp\/v2\/comments?post=1675"}],"version-history":[{"count":4,"href":"https:\/\/ent2d.ac-bordeaux.fr\/disciplines\/biotechnologies-sante-social\/wp-json\/wp\/v2\/posts\/1675\/revisions"}],"predecessor-version":[{"id":1682,"href":"https:\/\/ent2d.ac-bordeaux.fr\/disciplines\/biotechnologies-sante-social\/wp-json\/wp\/v2\/posts\/1675\/revisions\/1682"}],"wp:attachment":[{"href":"https:\/\/ent2d.ac-bordeaux.fr\/disciplines\/biotechnologies-sante-social\/wp-json\/wp\/v2\/media?parent=1675"}],"wp:term":[{"taxonomy":"category","embeddable":true,"href":"https:\/\/ent2d.ac-bordeaux.fr\/disciplines\/biotechnologies-sante-social\/wp-json\/wp\/v2\/categories?post=1675"},{"taxonomy":"post_tag","embeddable":true,"href":"https:\/\/ent2d.ac-bordeaux.fr\/disciplines\/biotechnologies-sante-social\/wp-json\/wp\/v2\/tags?post=1675"}],"curies":[{"name":"wp","href":"https:\/\/api.w.org\/{rel}","templated":true}]}}