{"id":234,"date":"2017-09-17T17:53:13","date_gmt":"2017-09-17T15:53:13","guid":{"rendered":"https:\/\/ent2d.ac-bordeaux.fr\/disciplines\/arts-plastiques\/?p=234"},"modified":"2017-09-17T17:53:13","modified_gmt":"2017-09-17T15:53:13","slug":"travaux-academiques-mutualises-traam-2017-2018","status":"publish","type":"post","link":"https:\/\/ent2d.ac-bordeaux.fr\/disciplines\/arts-plastiques\/2017\/09\/17\/travaux-academiques-mutualises-traam-2017-2018\/","title":{"rendered":"Travaux acad\u00e9miques mutualis\u00e9s (TraAm) 2017-2018"},"content":{"rendered":"<p>\u00a0\u00bb L&rsquo;appel \u00e0 candidature pour les TRAAM a \u00e9t\u00e9 envoy\u00e9 aux DAN cette semaine (05\/05\/2017). Cette ann\u00e9e, il est possible de postuler par acad\u00e9mie ou par r\u00e9gion acad\u00e9mique. C&rsquo;est votre IA_IPR qui remplira l&rsquo;appel \u00e0 candidature pour les groupes int\u00e9ress\u00e9s.<br \/>\nIl a \u00e9t\u00e9 d\u00e9cid\u00e9 par la DNE d&rsquo;aborder les TRAAM cette ann\u00e9e par le biais de la transversalit\u00e9.<\/p>\n<p>Th\u00e8me pour l&rsquo;ann\u00e9e 2017-2018 :<br \/>\n<strong>La classe atelier ou laboratoire \u00e0 l\u2019\u00e8re du num\u00e9rique : nouvelles postures et temporalit\u00e9s de travail<\/strong> :<\/p>\n<ul>\n<li>Modularit\u00e9 de la classe et des espaces pour apprendre : de nouveaux agencements p\u00e9dagogiques<br \/>\nint\u00e9grant le num\u00e9rique ;<\/li>\n<li>De nouvelles pratiques p\u00e9dagogiques, strat\u00e9gies collaboratives ;<\/li>\n<li>De nouvelles posture de travail pour l\u2019\u00e9l\u00e8ve et de nouveaux gestes professionnels pour l\u2019enseignant ;<\/li>\n<li>Du groupe classe \u00e0 la communaut\u00e9 virtuelle dans la forme scolaire ;<\/li>\n<li>Mat\u00e9rialit\u00e9 \/ immat\u00e9rialit\u00e9 de la production scolaire ; interaction p\u00e9dagogique en pr\u00e9sence ou \u00e0 distance.<\/li>\n<\/ul>\n<p>Date limite de saisie des dossiers : 10 juin \u00e0 17h<br \/>\nOlivier Cornu<br \/>\nExpert pour les Arts plastiques \u00e0 la DNE<br \/>\nResponsable \u00e9ditorial du portail national de ressources Arts plastiques &#8211; Eduscol \u00ab\u00a0<\/p>\n","protected":false},"excerpt":{"rendered":"<p>\u00a0\u00bb L&rsquo;appel \u00e0 candidature pour les TRAAM a \u00e9t\u00e9 envoy\u00e9 aux DAN cette semaine (05\/05\/2017). Cette ann\u00e9e, il est possible de postuler par acad\u00e9mie ou par r\u00e9gion acad\u00e9mique. C&rsquo;est votre IA_IPR qui remplira l&rsquo;appel \u00e0 candidature pour les groupes int\u00e9ress\u00e9s. Il a \u00e9t\u00e9 d\u00e9cid\u00e9 par la DNE d&rsquo;aborder les TRAAM cette ann\u00e9e par le biais &hellip; <\/p>\n<p><a class=\"more-link block-button\" href=\"https:\/\/ent2d.ac-bordeaux.fr\/disciplines\/arts-plastiques\/2017\/09\/17\/travaux-academiques-mutualises-traam-2017-2018\/\">Lire la Suite &raquo;<\/a><\/p>\n","protected":false},"author":197,"featured_media":0,"comment_status":"closed","ping_status":"open","sticky":false,"template":"","format":"standard","meta":{"footnotes":""},"categories":[29],"tags":[],"class_list":["post-234","post","type-post","status-publish","format-standard","hentry","category-partenariats"],"_links":{"self":[{"href":"https:\/\/ent2d.ac-bordeaux.fr\/disciplines\/arts-plastiques\/wp-json\/wp\/v2\/posts\/234","targetHints":{"allow":["GET"]}}],"collection":[{"href":"https:\/\/ent2d.ac-bordeaux.fr\/disciplines\/arts-plastiques\/wp-json\/wp\/v2\/posts"}],"about":[{"href":"https:\/\/ent2d.ac-bordeaux.fr\/disciplines\/arts-plastiques\/wp-json\/wp\/v2\/types\/post"}],"author":[{"embeddable":true,"href":"https:\/\/ent2d.ac-bordeaux.fr\/disciplines\/arts-plastiques\/wp-json\/wp\/v2\/users\/197"}],"replies":[{"embeddable":true,"href":"https:\/\/ent2d.ac-bordeaux.fr\/disciplines\/arts-plastiques\/wp-json\/wp\/v2\/comments?post=234"}],"version-history":[{"count":1,"href":"https:\/\/ent2d.ac-bordeaux.fr\/disciplines\/arts-plastiques\/wp-json\/wp\/v2\/posts\/234\/revisions"}],"predecessor-version":[{"id":235,"href":"https:\/\/ent2d.ac-bordeaux.fr\/disciplines\/arts-plastiques\/wp-json\/wp\/v2\/posts\/234\/revisions\/235"}],"wp:attachment":[{"href":"https:\/\/ent2d.ac-bordeaux.fr\/disciplines\/arts-plastiques\/wp-json\/wp\/v2\/media?parent=234"}],"wp:term":[{"taxonomy":"category","embeddable":true,"href":"https:\/\/ent2d.ac-bordeaux.fr\/disciplines\/arts-plastiques\/wp-json\/wp\/v2\/categories?post=234"},{"taxonomy":"post_tag","embeddable":true,"href":"https:\/\/ent2d.ac-bordeaux.fr\/disciplines\/arts-plastiques\/wp-json\/wp\/v2\/tags?post=234"}],"curies":[{"name":"wp","href":"https:\/\/api.w.org\/{rel}","templated":true}]}}