{"id":145,"date":"2017-09-17T12:50:42","date_gmt":"2017-09-17T10:50:42","guid":{"rendered":"https:\/\/ent2d.ac-bordeaux.fr\/disciplines\/arts-plastiques\/?p=145"},"modified":"2017-09-17T12:53:44","modified_gmt":"2017-09-17T10:53:44","slug":"modalites-de-lepreuve-du-baccalaureat-arts-plastiques-option-facultative","status":"publish","type":"post","link":"https:\/\/ent2d.ac-bordeaux.fr\/disciplines\/arts-plastiques\/2017\/09\/17\/modalites-de-lepreuve-du-baccalaureat-arts-plastiques-option-facultative\/","title":{"rendered":"Modalit\u00e9s de l&rsquo;\u00e9preuve du baccalaur\u00e9at arts plastiques : option facultative"},"content":{"rendered":"<h3><strong>Modalit\u00e9s de l&rsquo;\u00e9preuve du baccalaur\u00e9at arts plastiques option facultative \u00e0 compter des sessions 2013 et 2015 :<\/strong><\/h3>\n<p><a href=\"https:\/\/ent2d.ac-bordeaux.fr\/disciplines\/arts-plastiques\/wp-content\/uploads\/sites\/26\/2017\/09\/bac_ap_fac_modalites_epreuve.pdf\" target=\"_blank\" rel=\"noopener\">bac_ap_fac_modalites_epreuve<\/a><\/p>\n<p><b>Lien vid\u00e9o \u00e0 destination des candidats :<br \/>\n<\/b><\/p>\n<p><a href=\"https:\/\/www.youtube.com\/watch?v=DwCRdrQK9vY\" target=\"_blank\" rel=\"noopener\">Comment parler de son propre travail (\u00e9preuve facultative)<\/a><br \/>\n<iframe loading=\"lazy\" title=\"parler de son travail en option facultative arts plastiques\" width=\"500\" height=\"281\" src=\"https:\/\/www.youtube.com\/embed\/DwCRdrQK9vY?feature=oembed\" frameborder=\"0\" allow=\"accelerometer; autoplay; clipboard-write; encrypted-media; gyroscope; picture-in-picture; web-share\" referrerpolicy=\"strict-origin-when-cross-origin\" allowfullscreen><\/iframe><\/p>\n<p>(2015, une vid\u00e9o d&rsquo;Ad\u00e9la\u00efde Pralon, professeur d&rsquo;Arts plastiques au lyc\u00e9e Colbert de Paris).<\/p>\n","protected":false},"excerpt":{"rendered":"<p>Modalit\u00e9s de l&rsquo;\u00e9preuve du baccalaur\u00e9at arts plastiques option facultative \u00e0 compter des sessions 2013 et 2015 : bac_ap_fac_modalites_epreuve Lien vid\u00e9o \u00e0 destination des candidats : Comment parler de son propre travail (\u00e9preuve facultative) (2015, une vid\u00e9o d&rsquo;Ad\u00e9la\u00efde Pralon, professeur d&rsquo;Arts plastiques au lyc\u00e9e Colbert de Paris).<\/p>\n","protected":false},"author":197,"featured_media":0,"comment_status":"closed","ping_status":"open","sticky":false,"template":"","format":"standard","meta":{"footnotes":""},"categories":[12],"tags":[],"class_list":["post-145","post","type-post","status-publish","format-standard","hentry","category-modalites-de-lepreuve-a-p-facultative"],"_links":{"self":[{"href":"https:\/\/ent2d.ac-bordeaux.fr\/disciplines\/arts-plastiques\/wp-json\/wp\/v2\/posts\/145","targetHints":{"allow":["GET"]}}],"collection":[{"href":"https:\/\/ent2d.ac-bordeaux.fr\/disciplines\/arts-plastiques\/wp-json\/wp\/v2\/posts"}],"about":[{"href":"https:\/\/ent2d.ac-bordeaux.fr\/disciplines\/arts-plastiques\/wp-json\/wp\/v2\/types\/post"}],"author":[{"embeddable":true,"href":"https:\/\/ent2d.ac-bordeaux.fr\/disciplines\/arts-plastiques\/wp-json\/wp\/v2\/users\/197"}],"replies":[{"embeddable":true,"href":"https:\/\/ent2d.ac-bordeaux.fr\/disciplines\/arts-plastiques\/wp-json\/wp\/v2\/comments?post=145"}],"version-history":[{"count":4,"href":"https:\/\/ent2d.ac-bordeaux.fr\/disciplines\/arts-plastiques\/wp-json\/wp\/v2\/posts\/145\/revisions"}],"predecessor-version":[{"id":149,"href":"https:\/\/ent2d.ac-bordeaux.fr\/disciplines\/arts-plastiques\/wp-json\/wp\/v2\/posts\/145\/revisions\/149"}],"wp:attachment":[{"href":"https:\/\/ent2d.ac-bordeaux.fr\/disciplines\/arts-plastiques\/wp-json\/wp\/v2\/media?parent=145"}],"wp:term":[{"taxonomy":"category","embeddable":true,"href":"https:\/\/ent2d.ac-bordeaux.fr\/disciplines\/arts-plastiques\/wp-json\/wp\/v2\/categories?post=145"},{"taxonomy":"post_tag","embeddable":true,"href":"https:\/\/ent2d.ac-bordeaux.fr\/disciplines\/arts-plastiques\/wp-json\/wp\/v2\/tags?post=145"}],"curies":[{"name":"wp","href":"https:\/\/api.w.org\/{rel}","templated":true}]}}